{"id":6558,"date":"2022-10-09T11:00:52","date_gmt":"2022-10-09T09:00:52","guid":{"rendered":"http:\/\/braunvie.cyon.link\/2x-nein-zu-den-agrarinitiativen\/"},"modified":"2022-10-09T22:36:10","modified_gmt":"2022-10-09T20:36:10","slug":"2x-nein-zu-den-agrarinitiativen","status":"publish","type":"post","link":"https:\/\/homepage.braunvieh.ch\/fr\/2x-nein-zu-den-agrarinitiativen\/","title":{"rendered":"Workshop gratuit sur la dur\u00e9e de vie productive des vaches laiti\u00e8res suisses"},"content":{"rendered":"<p><strong>Th\u00e8me<\/strong>: <a href=\"https:\/\/themes.agripedia.ch\/fr\/duree-dutilisation-des-vaches-laitieres-suisses\/\">La dur\u00e9e d\u2019utilisation<\/a><\/p>\n","protected":false},"excerpt":{"rendered":"<p>Th\u00e8me: La dur\u00e9e d\u2019utilisation<\/p>\n","protected":false},"author":2,"featured_media":13199,"comment_status":"open","ping_status":"open","sticky":false,"template":"","format":"standard","meta":{"_acf_changed":false,"footnotes":""},"categories":[19],"tags":[],"class_list":["post-6558","post","type-post","status-publish","format-standard","has-post-thumbnail","hentry","category-non-classifiee"],"acf":[],"yoast_head":"<!-- This site is optimized with the Yoast SEO plugin v27.4 - https:\/\/yoast.com\/product\/yoast-seo-wordpress\/ -->\n<title>Workshop gratuit sur la dur\u00e9e de vie productive des vaches laiti\u00e8res suisses | Braunvieh<\/title>\n<meta name=\"robots\" content=\"index, follow, max-snippet:-1, max-image-preview:large, max-video-preview:-1\" \/>\n<link rel=\"canonical\" href=\"https:\/\/homepage.braunvieh.ch\/fr\/2x-nein-zu-den-agrarinitiativen\/\" \/>\n<meta property=\"og:locale\" content=\"fr_FR\" \/>\n<meta property=\"og:type\" content=\"article\" \/>\n<meta property=\"og:title\" content=\"Workshop gratuit sur la dur\u00e9e de vie productive des vaches laiti\u00e8res suisses | Braunvieh\" \/>\n<meta property=\"og:description\" content=\"Th\u00e8me: La dur\u00e9e d\u2019utilisation\" \/>\n<meta property=\"og:url\" content=\"https:\/\/homepage.braunvieh.ch\/fr\/2x-nein-zu-den-agrarinitiativen\/\" \/>\n<meta property=\"og:site_name\" content=\"Braunvieh\" \/>\n<meta property=\"article:published_time\" content=\"2022-10-09T09:00:52+00:00\" \/>\n<meta property=\"article:modified_time\" content=\"2022-10-09T20:36:10+00:00\" \/>\n<meta property=\"og:image\" content=\"https:\/\/homepage.braunvieh.ch\/wp-content\/uploads\/2022\/10\/Titelbild-Nutzungsdauer.jpg\" \/>\n\t<meta property=\"og:image:width\" content=\"579\" \/>\n\t<meta property=\"og:image:height\" content=\"581\" \/>\n\t<meta property=\"og:image:type\" content=\"image\/jpeg\" \/>\n<meta name=\"author\" content=\"Ir\u00e8ne\" \/>\n<meta name=\"twitter:card\" content=\"summary_large_image\" \/>\n<meta name=\"twitter:label1\" content=\"\u00c9crit par\" \/>\n\t<meta name=\"twitter:data1\" content=\"Ir\u00e8ne\" \/>\n\t<meta name=\"twitter:label2\" content=\"Dur\u00e9e de lecture estim\u00e9e\" \/>\n\t<meta name=\"twitter:data2\" content=\"1 minute\" \/>\n<script type=\"application\/ld+json\" class=\"yoast-schema-graph\">{\"@context\":\"https:\\\/\\\/schema.org\",\"@graph\":[{\"@type\":\"Article\",\"@id\":\"https:\\\/\\\/homepage.braunvieh.ch\\\/fr\\\/2x-nein-zu-den-agrarinitiativen\\\/#article\",\"isPartOf\":{\"@id\":\"https:\\\/\\\/homepage.braunvieh.ch\\\/fr\\\/2x-nein-zu-den-agrarinitiativen\\\/\"},\"author\":{\"name\":\"Ir\u00e8ne\",\"@id\":\"https:\\\/\\\/homepage.braunvieh.ch\\\/en\\\/#\\\/schema\\\/person\\\/16950e26af6f7575d2e0def65511e5fb\"},\"headline\":\"Workshop gratuit sur la dur\u00e9e de vie productive des vaches laiti\u00e8res suisses\",\"datePublished\":\"2022-10-09T09:00:52+00:00\",\"dateModified\":\"2022-10-09T20:36:10+00:00\",\"mainEntityOfPage\":{\"@id\":\"https:\\\/\\\/homepage.braunvieh.ch\\\/fr\\\/2x-nein-zu-den-agrarinitiativen\\\/\"},\"wordCount\":21,\"commentCount\":0,\"image\":{\"@id\":\"https:\\\/\\\/homepage.braunvieh.ch\\\/fr\\\/2x-nein-zu-den-agrarinitiativen\\\/#primaryimage\"},\"thumbnailUrl\":\"https:\\\/\\\/homepage.braunvieh.ch\\\/wp-content\\\/uploads\\\/2022\\\/10\\\/Titelbild-Nutzungsdauer.jpg\",\"articleSection\":[\"Non classifi\u00e9(e)\"],\"inLanguage\":\"fr-FR\",\"potentialAction\":[{\"@type\":\"CommentAction\",\"name\":\"Comment\",\"target\":[\"https:\\\/\\\/homepage.braunvieh.ch\\\/fr\\\/2x-nein-zu-den-agrarinitiativen\\\/#respond\"]}]},{\"@type\":\"WebPage\",\"@id\":\"https:\\\/\\\/homepage.braunvieh.ch\\\/fr\\\/2x-nein-zu-den-agrarinitiativen\\\/\",\"url\":\"https:\\\/\\\/homepage.braunvieh.ch\\\/fr\\\/2x-nein-zu-den-agrarinitiativen\\\/\",\"name\":\"Workshop gratuit sur la dur\u00e9e de vie productive des vaches laiti\u00e8res suisses | Braunvieh\",\"isPartOf\":{\"@id\":\"https:\\\/\\\/homepage.braunvieh.ch\\\/en\\\/#website\"},\"primaryImageOfPage\":{\"@id\":\"https:\\\/\\\/homepage.braunvieh.ch\\\/fr\\\/2x-nein-zu-den-agrarinitiativen\\\/#primaryimage\"},\"image\":{\"@id\":\"https:\\\/\\\/homepage.braunvieh.ch\\\/fr\\\/2x-nein-zu-den-agrarinitiativen\\\/#primaryimage\"},\"thumbnailUrl\":\"https:\\\/\\\/homepage.braunvieh.ch\\\/wp-content\\\/uploads\\\/2022\\\/10\\\/Titelbild-Nutzungsdauer.jpg\",\"datePublished\":\"2022-10-09T09:00:52+00:00\",\"dateModified\":\"2022-10-09T20:36:10+00:00\",\"author\":{\"@id\":\"https:\\\/\\\/homepage.braunvieh.ch\\\/en\\\/#\\\/schema\\\/person\\\/16950e26af6f7575d2e0def65511e5fb\"},\"breadcrumb\":{\"@id\":\"https:\\\/\\\/homepage.braunvieh.ch\\\/fr\\\/2x-nein-zu-den-agrarinitiativen\\\/#breadcrumb\"},\"inLanguage\":\"fr-FR\",\"potentialAction\":[{\"@type\":\"ReadAction\",\"target\":[\"https:\\\/\\\/homepage.braunvieh.ch\\\/fr\\\/2x-nein-zu-den-agrarinitiativen\\\/\"]}]},{\"@type\":\"ImageObject\",\"inLanguage\":\"fr-FR\",\"@id\":\"https:\\\/\\\/homepage.braunvieh.ch\\\/fr\\\/2x-nein-zu-den-agrarinitiativen\\\/#primaryimage\",\"url\":\"https:\\\/\\\/homepage.braunvieh.ch\\\/wp-content\\\/uploads\\\/2022\\\/10\\\/Titelbild-Nutzungsdauer.jpg\",\"contentUrl\":\"https:\\\/\\\/homepage.braunvieh.ch\\\/wp-content\\\/uploads\\\/2022\\\/10\\\/Titelbild-Nutzungsdauer.jpg\",\"width\":579,\"height\":581},{\"@type\":\"BreadcrumbList\",\"@id\":\"https:\\\/\\\/homepage.braunvieh.ch\\\/fr\\\/2x-nein-zu-den-agrarinitiativen\\\/#breadcrumb\",\"itemListElement\":[{\"@type\":\"ListItem\",\"position\":1,\"name\":\"Home\",\"item\":\"https:\\\/\\\/homepage.braunvieh.ch\\\/fr\\\/\"},{\"@type\":\"ListItem\",\"position\":2,\"name\":\"Workshop gratuit sur la dur\u00e9e de vie productive des vaches laiti\u00e8res suisses\"}]},{\"@type\":\"WebSite\",\"@id\":\"https:\\\/\\\/homepage.braunvieh.ch\\\/en\\\/#website\",\"url\":\"https:\\\/\\\/homepage.braunvieh.ch\\\/en\\\/\",\"name\":\"Braunvieh\",\"description\":\"Alles \u00fcber Braunvieh und die Braunviehzucht. Sowie den Braunviehzuchtverband als modernes Dienstleistungsunternehmen.\",\"potentialAction\":[{\"@type\":\"SearchAction\",\"target\":{\"@type\":\"EntryPoint\",\"urlTemplate\":\"https:\\\/\\\/homepage.braunvieh.ch\\\/en\\\/?s={search_term_string}\"},\"query-input\":{\"@type\":\"PropertyValueSpecification\",\"valueRequired\":true,\"valueName\":\"search_term_string\"}}],\"inLanguage\":\"fr-FR\"},{\"@type\":\"Person\",\"@id\":\"https:\\\/\\\/homepage.braunvieh.ch\\\/en\\\/#\\\/schema\\\/person\\\/16950e26af6f7575d2e0def65511e5fb\",\"name\":\"Ir\u00e8ne\",\"image\":{\"@type\":\"ImageObject\",\"inLanguage\":\"fr-FR\",\"@id\":\"https:\\\/\\\/secure.gravatar.com\\\/avatar\\\/e526a3d41ca387e09914d27be7a5b1a1ebcd6f668fd0382ab5b313de9d93996b?s=96&d=mm&r=g\",\"url\":\"https:\\\/\\\/secure.gravatar.com\\\/avatar\\\/e526a3d41ca387e09914d27be7a5b1a1ebcd6f668fd0382ab5b313de9d93996b?s=96&d=mm&r=g\",\"contentUrl\":\"https:\\\/\\\/secure.gravatar.com\\\/avatar\\\/e526a3d41ca387e09914d27be7a5b1a1ebcd6f668fd0382ab5b313de9d93996b?s=96&d=mm&r=g\",\"caption\":\"Ir\u00e8ne\"},\"url\":\"https:\\\/\\\/homepage.braunvieh.ch\\\/fr\\\/author\\\/irene-ettlinbraunvieh-ch\\\/\"}]}<\/script>\n<!-- \/ Yoast SEO plugin. -->","yoast_head_json":{"title":"Workshop gratuit sur la dur\u00e9e de vie productive des vaches laiti\u00e8res suisses | Braunvieh","robots":{"index":"index","follow":"follow","max-snippet":"max-snippet:-1","max-image-preview":"max-image-preview:large","max-video-preview":"max-video-preview:-1"},"canonical":"https:\/\/homepage.braunvieh.ch\/fr\/2x-nein-zu-den-agrarinitiativen\/","og_locale":"fr_FR","og_type":"article","og_title":"Workshop gratuit sur la dur\u00e9e de vie productive des vaches laiti\u00e8res suisses | Braunvieh","og_description":"Th\u00e8me: La dur\u00e9e d\u2019utilisation","og_url":"https:\/\/homepage.braunvieh.ch\/fr\/2x-nein-zu-den-agrarinitiativen\/","og_site_name":"Braunvieh","article_published_time":"2022-10-09T09:00:52+00:00","article_modified_time":"2022-10-09T20:36:10+00:00","og_image":[{"width":579,"height":581,"url":"https:\/\/homepage.braunvieh.ch\/wp-content\/uploads\/2022\/10\/Titelbild-Nutzungsdauer.jpg","type":"image\/jpeg"}],"author":"Ir\u00e8ne","twitter_card":"summary_large_image","twitter_misc":{"\u00c9crit par":"Ir\u00e8ne","Dur\u00e9e de lecture estim\u00e9e":"1 minute"},"schema":{"@context":"https:\/\/schema.org","@graph":[{"@type":"Article","@id":"https:\/\/homepage.braunvieh.ch\/fr\/2x-nein-zu-den-agrarinitiativen\/#article","isPartOf":{"@id":"https:\/\/homepage.braunvieh.ch\/fr\/2x-nein-zu-den-agrarinitiativen\/"},"author":{"name":"Ir\u00e8ne","@id":"https:\/\/homepage.braunvieh.ch\/en\/#\/schema\/person\/16950e26af6f7575d2e0def65511e5fb"},"headline":"Workshop gratuit sur la dur\u00e9e de vie productive des vaches laiti\u00e8res suisses","datePublished":"2022-10-09T09:00:52+00:00","dateModified":"2022-10-09T20:36:10+00:00","mainEntityOfPage":{"@id":"https:\/\/homepage.braunvieh.ch\/fr\/2x-nein-zu-den-agrarinitiativen\/"},"wordCount":21,"commentCount":0,"image":{"@id":"https:\/\/homepage.braunvieh.ch\/fr\/2x-nein-zu-den-agrarinitiativen\/#primaryimage"},"thumbnailUrl":"https:\/\/homepage.braunvieh.ch\/wp-content\/uploads\/2022\/10\/Titelbild-Nutzungsdauer.jpg","articleSection":["Non classifi\u00e9(e)"],"inLanguage":"fr-FR","potentialAction":[{"@type":"CommentAction","name":"Comment","target":["https:\/\/homepage.braunvieh.ch\/fr\/2x-nein-zu-den-agrarinitiativen\/#respond"]}]},{"@type":"WebPage","@id":"https:\/\/homepage.braunvieh.ch\/fr\/2x-nein-zu-den-agrarinitiativen\/","url":"https:\/\/homepage.braunvieh.ch\/fr\/2x-nein-zu-den-agrarinitiativen\/","name":"Workshop gratuit sur la dur\u00e9e de vie productive des vaches laiti\u00e8res suisses | Braunvieh","isPartOf":{"@id":"https:\/\/homepage.braunvieh.ch\/en\/#website"},"primaryImageOfPage":{"@id":"https:\/\/homepage.braunvieh.ch\/fr\/2x-nein-zu-den-agrarinitiativen\/#primaryimage"},"image":{"@id":"https:\/\/homepage.braunvieh.ch\/fr\/2x-nein-zu-den-agrarinitiativen\/#primaryimage"},"thumbnailUrl":"https:\/\/homepage.braunvieh.ch\/wp-content\/uploads\/2022\/10\/Titelbild-Nutzungsdauer.jpg","datePublished":"2022-10-09T09:00:52+00:00","dateModified":"2022-10-09T20:36:10+00:00","author":{"@id":"https:\/\/homepage.braunvieh.ch\/en\/#\/schema\/person\/16950e26af6f7575d2e0def65511e5fb"},"breadcrumb":{"@id":"https:\/\/homepage.braunvieh.ch\/fr\/2x-nein-zu-den-agrarinitiativen\/#breadcrumb"},"inLanguage":"fr-FR","potentialAction":[{"@type":"ReadAction","target":["https:\/\/homepage.braunvieh.ch\/fr\/2x-nein-zu-den-agrarinitiativen\/"]}]},{"@type":"ImageObject","inLanguage":"fr-FR","@id":"https:\/\/homepage.braunvieh.ch\/fr\/2x-nein-zu-den-agrarinitiativen\/#primaryimage","url":"https:\/\/homepage.braunvieh.ch\/wp-content\/uploads\/2022\/10\/Titelbild-Nutzungsdauer.jpg","contentUrl":"https:\/\/homepage.braunvieh.ch\/wp-content\/uploads\/2022\/10\/Titelbild-Nutzungsdauer.jpg","width":579,"height":581},{"@type":"BreadcrumbList","@id":"https:\/\/homepage.braunvieh.ch\/fr\/2x-nein-zu-den-agrarinitiativen\/#breadcrumb","itemListElement":[{"@type":"ListItem","position":1,"name":"Home","item":"https:\/\/homepage.braunvieh.ch\/fr\/"},{"@type":"ListItem","position":2,"name":"Workshop gratuit sur la dur\u00e9e de vie productive des vaches laiti\u00e8res suisses"}]},{"@type":"WebSite","@id":"https:\/\/homepage.braunvieh.ch\/en\/#website","url":"https:\/\/homepage.braunvieh.ch\/en\/","name":"Braunvieh","description":"Alles \u00fcber Braunvieh und die Braunviehzucht. Sowie den Braunviehzuchtverband als modernes Dienstleistungsunternehmen.","potentialAction":[{"@type":"SearchAction","target":{"@type":"EntryPoint","urlTemplate":"https:\/\/homepage.braunvieh.ch\/en\/?s={search_term_string}"},"query-input":{"@type":"PropertyValueSpecification","valueRequired":true,"valueName":"search_term_string"}}],"inLanguage":"fr-FR"},{"@type":"Person","@id":"https:\/\/homepage.braunvieh.ch\/en\/#\/schema\/person\/16950e26af6f7575d2e0def65511e5fb","name":"Ir\u00e8ne","image":{"@type":"ImageObject","inLanguage":"fr-FR","@id":"https:\/\/secure.gravatar.com\/avatar\/e526a3d41ca387e09914d27be7a5b1a1ebcd6f668fd0382ab5b313de9d93996b?s=96&d=mm&r=g","url":"https:\/\/secure.gravatar.com\/avatar\/e526a3d41ca387e09914d27be7a5b1a1ebcd6f668fd0382ab5b313de9d93996b?s=96&d=mm&r=g","contentUrl":"https:\/\/secure.gravatar.com\/avatar\/e526a3d41ca387e09914d27be7a5b1a1ebcd6f668fd0382ab5b313de9d93996b?s=96&d=mm&r=g","caption":"Ir\u00e8ne"},"url":"https:\/\/homepage.braunvieh.ch\/fr\/author\/irene-ettlinbraunvieh-ch\/"}]}},"publishpress_future_action":{"enabled":false,"date":"2026-05-06 21:09:33","action":"change-status","newStatus":"draft","terms":[],"taxonomy":"category","extraData":[]},"publishpress_future_workflow_manual_trigger":{"enabledWorkflows":[]},"_links":{"self":[{"href":"https:\/\/homepage.braunvieh.ch\/fr\/wp-json\/wp\/v2\/posts\/6558","targetHints":{"allow":["GET"]}}],"collection":[{"href":"https:\/\/homepage.braunvieh.ch\/fr\/wp-json\/wp\/v2\/posts"}],"about":[{"href":"https:\/\/homepage.braunvieh.ch\/fr\/wp-json\/wp\/v2\/types\/post"}],"author":[{"embeddable":true,"href":"https:\/\/homepage.braunvieh.ch\/fr\/wp-json\/wp\/v2\/users\/2"}],"replies":[{"embeddable":true,"href":"https:\/\/homepage.braunvieh.ch\/fr\/wp-json\/wp\/v2\/comments?post=6558"}],"version-history":[{"count":7,"href":"https:\/\/homepage.braunvieh.ch\/fr\/wp-json\/wp\/v2\/posts\/6558\/revisions"}],"predecessor-version":[{"id":13205,"href":"https:\/\/homepage.braunvieh.ch\/fr\/wp-json\/wp\/v2\/posts\/6558\/revisions\/13205"}],"wp:featuredmedia":[{"embeddable":true,"href":"https:\/\/homepage.braunvieh.ch\/fr\/wp-json\/wp\/v2\/media\/13199"}],"wp:attachment":[{"href":"https:\/\/homepage.braunvieh.ch\/fr\/wp-json\/wp\/v2\/media?parent=6558"}],"wp:term":[{"taxonomy":"category","embeddable":true,"href":"https:\/\/homepage.braunvieh.ch\/fr\/wp-json\/wp\/v2\/categories?post=6558"},{"taxonomy":"post_tag","embeddable":true,"href":"https:\/\/homepage.braunvieh.ch\/fr\/wp-json\/wp\/v2\/tags?post=6558"}],"curies":[{"name":"wp","href":"https:\/\/api.w.org\/{rel}","templated":true}]}}