{"id":26762,"date":"2025-05-05T16:11:01","date_gmt":"2025-05-05T14:11:01","guid":{"rendered":"https:\/\/homepage.braunvieh.ch\/?p=26762"},"modified":"2025-05-19T09:49:35","modified_gmt":"2025-05-19T07:49:35","slug":"brune-suisse-local","status":"publish","type":"post","link":"https:\/\/homepage.braunvieh.ch\/fr\/brune-suisse-local\/","title":{"rendered":"Brune suisse local photos"},"content":{"rendered":"<p>Le \u00e9v\u00e9nement de printemps est d\u00e9j\u00e0 termin\u00e9e. La famille Kohli a accueilli de nombreux invit\u00e9s sur son exploitation par un temps magnifique.<\/p>\n<p><strong>Vous trouverez <a href=\"https:\/\/homepage.braunvieh.ch\/fr\/la-brune-chez-les-gens\/\" target=\"_blank\" rel=\"noopener\">ICI<\/a> d&rsquo;autres photos de la \u00e9v\u00e9nement.<\/strong><\/p>\n","protected":false},"excerpt":{"rendered":"<p>Le \u00e9v\u00e9nement de printemps est d\u00e9j\u00e0 termin\u00e9e. La famille Kohli a accueilli de nombreux invit\u00e9s sur son exploitation par un temps magnifique. Vous trouverez ICI d&rsquo;autres photos de la \u00e9v\u00e9nement.<\/p>\n","protected":false},"author":2,"featured_media":26971,"comment_status":"open","ping_status":"open","sticky":false,"template":"","format":"standard","meta":{"_acf_changed":false,"footnotes":""},"categories":[19],"tags":[],"class_list":["post-26762","post","type-post","status-publish","format-standard","has-post-thumbnail","hentry","category-non-classifiee"],"acf":[],"yoast_head":"<!-- This site is optimized with the Yoast SEO plugin v27.4 - https:\/\/yoast.com\/product\/yoast-seo-wordpress\/ -->\n<title>Brune suisse local photos | Braunvieh<\/title>\n<meta name=\"robots\" content=\"index, follow, max-snippet:-1, max-image-preview:large, max-video-preview:-1\" \/>\n<link rel=\"canonical\" href=\"https:\/\/homepage.braunvieh.ch\/fr\/brune-suisse-local\/\" \/>\n<meta property=\"og:locale\" content=\"fr_FR\" \/>\n<meta property=\"og:type\" content=\"article\" \/>\n<meta property=\"og:title\" content=\"Brune suisse local photos | Braunvieh\" \/>\n<meta property=\"og:description\" content=\"Le \u00e9v\u00e9nement de printemps est d\u00e9j\u00e0 termin\u00e9e. La famille Kohli a accueilli de nombreux invit\u00e9s sur son exploitation par un temps magnifique. Vous trouverez ICI d&rsquo;autres photos de la \u00e9v\u00e9nement.\" \/>\n<meta property=\"og:url\" content=\"https:\/\/homepage.braunvieh.ch\/fr\/brune-suisse-local\/\" \/>\n<meta property=\"og:site_name\" content=\"Braunvieh\" \/>\n<meta property=\"article:published_time\" content=\"2025-05-05T14:11:01+00:00\" \/>\n<meta property=\"article:modified_time\" content=\"2025-05-19T07:49:35+00:00\" \/>\n<meta property=\"og:image\" content=\"https:\/\/homepage.braunvieh.ch\/wp-content\/uploads\/2025\/05\/BVCH69062_BvbdL_Perrefitte.jpg\" \/>\n\t<meta property=\"og:image:width\" content=\"1920\" \/>\n\t<meta property=\"og:image:height\" content=\"1077\" \/>\n\t<meta property=\"og:image:type\" content=\"image\/jpeg\" \/>\n<meta name=\"author\" content=\"Ir\u00e8ne\" \/>\n<meta name=\"twitter:card\" content=\"summary_large_image\" \/>\n<meta name=\"twitter:label1\" content=\"\u00c9crit par\" \/>\n\t<meta name=\"twitter:data1\" content=\"Ir\u00e8ne\" \/>\n\t<meta name=\"twitter:label2\" content=\"Dur\u00e9e de lecture estim\u00e9e\" \/>\n\t<meta name=\"twitter:data2\" content=\"1 minute\" \/>\n<script type=\"application\/ld+json\" class=\"yoast-schema-graph\">{\"@context\":\"https:\\\/\\\/schema.org\",\"@graph\":[{\"@type\":\"Article\",\"@id\":\"https:\\\/\\\/homepage.braunvieh.ch\\\/fr\\\/brune-suisse-local\\\/#article\",\"isPartOf\":{\"@id\":\"https:\\\/\\\/homepage.braunvieh.ch\\\/fr\\\/brune-suisse-local\\\/\"},\"author\":{\"name\":\"Ir\u00e8ne\",\"@id\":\"https:\\\/\\\/homepage.braunvieh.ch\\\/en\\\/#\\\/schema\\\/person\\\/16950e26af6f7575d2e0def65511e5fb\"},\"headline\":\"Brune suisse local photos\",\"datePublished\":\"2025-05-05T14:11:01+00:00\",\"dateModified\":\"2025-05-19T07:49:35+00:00\",\"mainEntityOfPage\":{\"@id\":\"https:\\\/\\\/homepage.braunvieh.ch\\\/fr\\\/brune-suisse-local\\\/\"},\"wordCount\":40,\"commentCount\":0,\"image\":{\"@id\":\"https:\\\/\\\/homepage.braunvieh.ch\\\/fr\\\/brune-suisse-local\\\/#primaryimage\"},\"thumbnailUrl\":\"https:\\\/\\\/homepage.braunvieh.ch\\\/wp-content\\\/uploads\\\/2025\\\/05\\\/BVCH69062_BvbdL_Perrefitte.jpg\",\"articleSection\":[\"Non classifi\u00e9(e)\"],\"inLanguage\":\"fr-FR\",\"potentialAction\":[{\"@type\":\"CommentAction\",\"name\":\"Comment\",\"target\":[\"https:\\\/\\\/homepage.braunvieh.ch\\\/fr\\\/brune-suisse-local\\\/#respond\"]}]},{\"@type\":\"WebPage\",\"@id\":\"https:\\\/\\\/homepage.braunvieh.ch\\\/fr\\\/brune-suisse-local\\\/\",\"url\":\"https:\\\/\\\/homepage.braunvieh.ch\\\/fr\\\/brune-suisse-local\\\/\",\"name\":\"Brune suisse local photos | Braunvieh\",\"isPartOf\":{\"@id\":\"https:\\\/\\\/homepage.braunvieh.ch\\\/en\\\/#website\"},\"primaryImageOfPage\":{\"@id\":\"https:\\\/\\\/homepage.braunvieh.ch\\\/fr\\\/brune-suisse-local\\\/#primaryimage\"},\"image\":{\"@id\":\"https:\\\/\\\/homepage.braunvieh.ch\\\/fr\\\/brune-suisse-local\\\/#primaryimage\"},\"thumbnailUrl\":\"https:\\\/\\\/homepage.braunvieh.ch\\\/wp-content\\\/uploads\\\/2025\\\/05\\\/BVCH69062_BvbdL_Perrefitte.jpg\",\"datePublished\":\"2025-05-05T14:11:01+00:00\",\"dateModified\":\"2025-05-19T07:49:35+00:00\",\"author\":{\"@id\":\"https:\\\/\\\/homepage.braunvieh.ch\\\/en\\\/#\\\/schema\\\/person\\\/16950e26af6f7575d2e0def65511e5fb\"},\"breadcrumb\":{\"@id\":\"https:\\\/\\\/homepage.braunvieh.ch\\\/fr\\\/brune-suisse-local\\\/#breadcrumb\"},\"inLanguage\":\"fr-FR\",\"potentialAction\":[{\"@type\":\"ReadAction\",\"target\":[\"https:\\\/\\\/homepage.braunvieh.ch\\\/fr\\\/brune-suisse-local\\\/\"]}]},{\"@type\":\"ImageObject\",\"inLanguage\":\"fr-FR\",\"@id\":\"https:\\\/\\\/homepage.braunvieh.ch\\\/fr\\\/brune-suisse-local\\\/#primaryimage\",\"url\":\"https:\\\/\\\/homepage.braunvieh.ch\\\/wp-content\\\/uploads\\\/2025\\\/05\\\/BVCH69062_BvbdL_Perrefitte.jpg\",\"contentUrl\":\"https:\\\/\\\/homepage.braunvieh.ch\\\/wp-content\\\/uploads\\\/2025\\\/05\\\/BVCH69062_BvbdL_Perrefitte.jpg\",\"width\":1920,\"height\":1077},{\"@type\":\"BreadcrumbList\",\"@id\":\"https:\\\/\\\/homepage.braunvieh.ch\\\/fr\\\/brune-suisse-local\\\/#breadcrumb\",\"itemListElement\":[{\"@type\":\"ListItem\",\"position\":1,\"name\":\"Home\",\"item\":\"https:\\\/\\\/homepage.braunvieh.ch\\\/fr\\\/\"},{\"@type\":\"ListItem\",\"position\":2,\"name\":\"Brune suisse local photos\"}]},{\"@type\":\"WebSite\",\"@id\":\"https:\\\/\\\/homepage.braunvieh.ch\\\/en\\\/#website\",\"url\":\"https:\\\/\\\/homepage.braunvieh.ch\\\/en\\\/\",\"name\":\"Braunvieh\",\"description\":\"Alles \u00fcber Braunvieh und die Braunviehzucht. Sowie den Braunviehzuchtverband als modernes Dienstleistungsunternehmen.\",\"potentialAction\":[{\"@type\":\"SearchAction\",\"target\":{\"@type\":\"EntryPoint\",\"urlTemplate\":\"https:\\\/\\\/homepage.braunvieh.ch\\\/en\\\/?s={search_term_string}\"},\"query-input\":{\"@type\":\"PropertyValueSpecification\",\"valueRequired\":true,\"valueName\":\"search_term_string\"}}],\"inLanguage\":\"fr-FR\"},{\"@type\":\"Person\",\"@id\":\"https:\\\/\\\/homepage.braunvieh.ch\\\/en\\\/#\\\/schema\\\/person\\\/16950e26af6f7575d2e0def65511e5fb\",\"name\":\"Ir\u00e8ne\",\"image\":{\"@type\":\"ImageObject\",\"inLanguage\":\"fr-FR\",\"@id\":\"https:\\\/\\\/secure.gravatar.com\\\/avatar\\\/e526a3d41ca387e09914d27be7a5b1a1ebcd6f668fd0382ab5b313de9d93996b?s=96&d=mm&r=g\",\"url\":\"https:\\\/\\\/secure.gravatar.com\\\/avatar\\\/e526a3d41ca387e09914d27be7a5b1a1ebcd6f668fd0382ab5b313de9d93996b?s=96&d=mm&r=g\",\"contentUrl\":\"https:\\\/\\\/secure.gravatar.com\\\/avatar\\\/e526a3d41ca387e09914d27be7a5b1a1ebcd6f668fd0382ab5b313de9d93996b?s=96&d=mm&r=g\",\"caption\":\"Ir\u00e8ne\"},\"url\":\"https:\\\/\\\/homepage.braunvieh.ch\\\/fr\\\/author\\\/irene-ettlinbraunvieh-ch\\\/\"}]}<\/script>\n<!-- \/ Yoast SEO plugin. -->","yoast_head_json":{"title":"Brune suisse local photos | Braunvieh","robots":{"index":"index","follow":"follow","max-snippet":"max-snippet:-1","max-image-preview":"max-image-preview:large","max-video-preview":"max-video-preview:-1"},"canonical":"https:\/\/homepage.braunvieh.ch\/fr\/brune-suisse-local\/","og_locale":"fr_FR","og_type":"article","og_title":"Brune suisse local photos | Braunvieh","og_description":"Le \u00e9v\u00e9nement de printemps est d\u00e9j\u00e0 termin\u00e9e. La famille Kohli a accueilli de nombreux invit\u00e9s sur son exploitation par un temps magnifique. Vous trouverez ICI d&rsquo;autres photos de la \u00e9v\u00e9nement.","og_url":"https:\/\/homepage.braunvieh.ch\/fr\/brune-suisse-local\/","og_site_name":"Braunvieh","article_published_time":"2025-05-05T14:11:01+00:00","article_modified_time":"2025-05-19T07:49:35+00:00","og_image":[{"width":1920,"height":1077,"url":"https:\/\/homepage.braunvieh.ch\/wp-content\/uploads\/2025\/05\/BVCH69062_BvbdL_Perrefitte.jpg","type":"image\/jpeg"}],"author":"Ir\u00e8ne","twitter_card":"summary_large_image","twitter_misc":{"\u00c9crit par":"Ir\u00e8ne","Dur\u00e9e de lecture estim\u00e9e":"1 minute"},"schema":{"@context":"https:\/\/schema.org","@graph":[{"@type":"Article","@id":"https:\/\/homepage.braunvieh.ch\/fr\/brune-suisse-local\/#article","isPartOf":{"@id":"https:\/\/homepage.braunvieh.ch\/fr\/brune-suisse-local\/"},"author":{"name":"Ir\u00e8ne","@id":"https:\/\/homepage.braunvieh.ch\/en\/#\/schema\/person\/16950e26af6f7575d2e0def65511e5fb"},"headline":"Brune suisse local photos","datePublished":"2025-05-05T14:11:01+00:00","dateModified":"2025-05-19T07:49:35+00:00","mainEntityOfPage":{"@id":"https:\/\/homepage.braunvieh.ch\/fr\/brune-suisse-local\/"},"wordCount":40,"commentCount":0,"image":{"@id":"https:\/\/homepage.braunvieh.ch\/fr\/brune-suisse-local\/#primaryimage"},"thumbnailUrl":"https:\/\/homepage.braunvieh.ch\/wp-content\/uploads\/2025\/05\/BVCH69062_BvbdL_Perrefitte.jpg","articleSection":["Non classifi\u00e9(e)"],"inLanguage":"fr-FR","potentialAction":[{"@type":"CommentAction","name":"Comment","target":["https:\/\/homepage.braunvieh.ch\/fr\/brune-suisse-local\/#respond"]}]},{"@type":"WebPage","@id":"https:\/\/homepage.braunvieh.ch\/fr\/brune-suisse-local\/","url":"https:\/\/homepage.braunvieh.ch\/fr\/brune-suisse-local\/","name":"Brune suisse local photos | Braunvieh","isPartOf":{"@id":"https:\/\/homepage.braunvieh.ch\/en\/#website"},"primaryImageOfPage":{"@id":"https:\/\/homepage.braunvieh.ch\/fr\/brune-suisse-local\/#primaryimage"},"image":{"@id":"https:\/\/homepage.braunvieh.ch\/fr\/brune-suisse-local\/#primaryimage"},"thumbnailUrl":"https:\/\/homepage.braunvieh.ch\/wp-content\/uploads\/2025\/05\/BVCH69062_BvbdL_Perrefitte.jpg","datePublished":"2025-05-05T14:11:01+00:00","dateModified":"2025-05-19T07:49:35+00:00","author":{"@id":"https:\/\/homepage.braunvieh.ch\/en\/#\/schema\/person\/16950e26af6f7575d2e0def65511e5fb"},"breadcrumb":{"@id":"https:\/\/homepage.braunvieh.ch\/fr\/brune-suisse-local\/#breadcrumb"},"inLanguage":"fr-FR","potentialAction":[{"@type":"ReadAction","target":["https:\/\/homepage.braunvieh.ch\/fr\/brune-suisse-local\/"]}]},{"@type":"ImageObject","inLanguage":"fr-FR","@id":"https:\/\/homepage.braunvieh.ch\/fr\/brune-suisse-local\/#primaryimage","url":"https:\/\/homepage.braunvieh.ch\/wp-content\/uploads\/2025\/05\/BVCH69062_BvbdL_Perrefitte.jpg","contentUrl":"https:\/\/homepage.braunvieh.ch\/wp-content\/uploads\/2025\/05\/BVCH69062_BvbdL_Perrefitte.jpg","width":1920,"height":1077},{"@type":"BreadcrumbList","@id":"https:\/\/homepage.braunvieh.ch\/fr\/brune-suisse-local\/#breadcrumb","itemListElement":[{"@type":"ListItem","position":1,"name":"Home","item":"https:\/\/homepage.braunvieh.ch\/fr\/"},{"@type":"ListItem","position":2,"name":"Brune suisse local photos"}]},{"@type":"WebSite","@id":"https:\/\/homepage.braunvieh.ch\/en\/#website","url":"https:\/\/homepage.braunvieh.ch\/en\/","name":"Braunvieh","description":"Alles \u00fcber Braunvieh und die Braunviehzucht. Sowie den Braunviehzuchtverband als modernes Dienstleistungsunternehmen.","potentialAction":[{"@type":"SearchAction","target":{"@type":"EntryPoint","urlTemplate":"https:\/\/homepage.braunvieh.ch\/en\/?s={search_term_string}"},"query-input":{"@type":"PropertyValueSpecification","valueRequired":true,"valueName":"search_term_string"}}],"inLanguage":"fr-FR"},{"@type":"Person","@id":"https:\/\/homepage.braunvieh.ch\/en\/#\/schema\/person\/16950e26af6f7575d2e0def65511e5fb","name":"Ir\u00e8ne","image":{"@type":"ImageObject","inLanguage":"fr-FR","@id":"https:\/\/secure.gravatar.com\/avatar\/e526a3d41ca387e09914d27be7a5b1a1ebcd6f668fd0382ab5b313de9d93996b?s=96&d=mm&r=g","url":"https:\/\/secure.gravatar.com\/avatar\/e526a3d41ca387e09914d27be7a5b1a1ebcd6f668fd0382ab5b313de9d93996b?s=96&d=mm&r=g","contentUrl":"https:\/\/secure.gravatar.com\/avatar\/e526a3d41ca387e09914d27be7a5b1a1ebcd6f668fd0382ab5b313de9d93996b?s=96&d=mm&r=g","caption":"Ir\u00e8ne"},"url":"https:\/\/homepage.braunvieh.ch\/fr\/author\/irene-ettlinbraunvieh-ch\/"}]}},"publishpress_future_action":{"enabled":false,"date":"2026-05-07 16:38:30","action":"change-status","newStatus":"draft","terms":[],"taxonomy":"category","extraData":[]},"publishpress_future_workflow_manual_trigger":{"enabledWorkflows":[]},"_links":{"self":[{"href":"https:\/\/homepage.braunvieh.ch\/fr\/wp-json\/wp\/v2\/posts\/26762","targetHints":{"allow":["GET"]}}],"collection":[{"href":"https:\/\/homepage.braunvieh.ch\/fr\/wp-json\/wp\/v2\/posts"}],"about":[{"href":"https:\/\/homepage.braunvieh.ch\/fr\/wp-json\/wp\/v2\/types\/post"}],"author":[{"embeddable":true,"href":"https:\/\/homepage.braunvieh.ch\/fr\/wp-json\/wp\/v2\/users\/2"}],"replies":[{"embeddable":true,"href":"https:\/\/homepage.braunvieh.ch\/fr\/wp-json\/wp\/v2\/comments?post=26762"}],"version-history":[{"count":3,"href":"https:\/\/homepage.braunvieh.ch\/fr\/wp-json\/wp\/v2\/posts\/26762\/revisions"}],"predecessor-version":[{"id":26975,"href":"https:\/\/homepage.braunvieh.ch\/fr\/wp-json\/wp\/v2\/posts\/26762\/revisions\/26975"}],"wp:featuredmedia":[{"embeddable":true,"href":"https:\/\/homepage.braunvieh.ch\/fr\/wp-json\/wp\/v2\/media\/26971"}],"wp:attachment":[{"href":"https:\/\/homepage.braunvieh.ch\/fr\/wp-json\/wp\/v2\/media?parent=26762"}],"wp:term":[{"taxonomy":"category","embeddable":true,"href":"https:\/\/homepage.braunvieh.ch\/fr\/wp-json\/wp\/v2\/categories?post=26762"},{"taxonomy":"post_tag","embeddable":true,"href":"https:\/\/homepage.braunvieh.ch\/fr\/wp-json\/wp\/v2\/tags?post=26762"}],"curies":[{"name":"wp","href":"https:\/\/api.w.org\/{rel}","templated":true}]}}