{"id":20568,"date":"2024-04-04T08:19:21","date_gmt":"2024-04-04T06:19:21","guid":{"rendered":"https:\/\/homepage.braunvieh.ch\/?p=20568"},"modified":"2024-04-04T08:19:21","modified_gmt":"2024-04-04T06:19:21","slug":"adrian-arnold-est-le-nouveau-president-de-braunvieh-schweiz","status":"publish","type":"post","link":"https:\/\/homepage.braunvieh.ch\/fr\/adrian-arnold-est-le-nouveau-president-de-braunvieh-schweiz\/","title":{"rendered":"Adrian Arnold est le nouveau pr\u00e9sident de Braunvieh Schweiz"},"content":{"rendered":"<p>L&rsquo;assembl\u00e9e des d\u00e9l\u00e9gu\u00e9s de Braunvieh Schweiz s&rsquo;est tenue \u00e0 Baar. Le point le plus important de l&rsquo;ordre du jour \u00e9tait l&rsquo;\u00e9lection d&rsquo;Adrian Arnold comme nouveau pr\u00e9sident ainsi que le renouvellement complet du comit\u00e9. Tous les points de l&rsquo;ordre du jour ont \u00e9t\u00e9 approuv\u00e9s \u00e0 une large majorit\u00e9. Reto Gr\u00fcnenfelder a \u00e9t\u00e9 \u00e9lu pr\u00e9sident d&rsquo;honneur.<\/p>\n","protected":false},"excerpt":{"rendered":"<p>L&rsquo;assembl\u00e9e des d\u00e9l\u00e9gu\u00e9s de Braunvieh Schweiz s&rsquo;est tenue \u00e0 Baar. Le point le plus important de l&rsquo;ordre du jour \u00e9tait l&rsquo;\u00e9lection d&rsquo;Adrian Arnold comme nouveau pr\u00e9sident ainsi que le renouvellement [&hellip;]<\/p>\n","protected":false},"author":2,"featured_media":20558,"comment_status":"open","ping_status":"open","sticky":false,"template":"","format":"standard","meta":{"_acf_changed":false,"footnotes":""},"categories":[19],"tags":[],"class_list":["post-20568","post","type-post","status-publish","format-standard","has-post-thumbnail","hentry","category-non-classifiee"],"acf":[],"yoast_head":"<!-- This site is optimized with the Yoast SEO plugin v27.4 - https:\/\/yoast.com\/product\/yoast-seo-wordpress\/ -->\n<title>Adrian Arnold est le nouveau pr\u00e9sident de Braunvieh Schweiz | Braunvieh<\/title>\n<meta name=\"robots\" content=\"index, follow, max-snippet:-1, max-image-preview:large, max-video-preview:-1\" \/>\n<link rel=\"canonical\" href=\"https:\/\/homepage.braunvieh.ch\/fr\/adrian-arnold-est-le-nouveau-president-de-braunvieh-schweiz\/\" \/>\n<meta property=\"og:locale\" content=\"fr_FR\" \/>\n<meta property=\"og:type\" content=\"article\" \/>\n<meta property=\"og:title\" content=\"Adrian Arnold est le nouveau pr\u00e9sident de Braunvieh Schweiz | Braunvieh\" \/>\n<meta property=\"og:description\" content=\"L&rsquo;assembl\u00e9e des d\u00e9l\u00e9gu\u00e9s de Braunvieh Schweiz s&rsquo;est tenue \u00e0 Baar. Le point le plus important de l&rsquo;ordre du jour \u00e9tait l&rsquo;\u00e9lection d&rsquo;Adrian Arnold comme nouveau pr\u00e9sident ainsi que le renouvellement [&hellip;]\" \/>\n<meta property=\"og:url\" content=\"https:\/\/homepage.braunvieh.ch\/fr\/adrian-arnold-est-le-nouveau-president-de-braunvieh-schweiz\/\" \/>\n<meta property=\"og:site_name\" content=\"Braunvieh\" \/>\n<meta property=\"article:published_time\" content=\"2024-04-04T06:19:21+00:00\" \/>\n<meta property=\"og:image\" content=\"https:\/\/homepage.braunvieh.ch\/wp-content\/uploads\/2024\/04\/Reto-Gruenenfelder-Adrian-Arnold_0K1A5224.jpg\" \/>\n\t<meta property=\"og:image:width\" content=\"1920\" \/>\n\t<meta property=\"og:image:height\" content=\"1518\" \/>\n\t<meta property=\"og:image:type\" content=\"image\/jpeg\" \/>\n<meta name=\"author\" content=\"Ir\u00e8ne\" \/>\n<meta name=\"twitter:card\" content=\"summary_large_image\" \/>\n<meta name=\"twitter:label1\" content=\"\u00c9crit par\" \/>\n\t<meta name=\"twitter:data1\" content=\"Ir\u00e8ne\" \/>\n\t<meta name=\"twitter:label2\" content=\"Dur\u00e9e de lecture estim\u00e9e\" \/>\n\t<meta name=\"twitter:data2\" content=\"1 minute\" \/>\n<script type=\"application\/ld+json\" class=\"yoast-schema-graph\">{\"@context\":\"https:\\\/\\\/schema.org\",\"@graph\":[{\"@type\":\"Article\",\"@id\":\"https:\\\/\\\/homepage.braunvieh.ch\\\/fr\\\/adrian-arnold-est-le-nouveau-president-de-braunvieh-schweiz\\\/#article\",\"isPartOf\":{\"@id\":\"https:\\\/\\\/homepage.braunvieh.ch\\\/fr\\\/adrian-arnold-est-le-nouveau-president-de-braunvieh-schweiz\\\/\"},\"author\":{\"name\":\"Ir\u00e8ne\",\"@id\":\"https:\\\/\\\/homepage.braunvieh.ch\\\/en\\\/#\\\/schema\\\/person\\\/16950e26af6f7575d2e0def65511e5fb\"},\"headline\":\"Adrian Arnold est le nouveau pr\u00e9sident de Braunvieh Schweiz\",\"datePublished\":\"2024-04-04T06:19:21+00:00\",\"mainEntityOfPage\":{\"@id\":\"https:\\\/\\\/homepage.braunvieh.ch\\\/fr\\\/adrian-arnold-est-le-nouveau-president-de-braunvieh-schweiz\\\/\"},\"wordCount\":77,\"commentCount\":0,\"image\":{\"@id\":\"https:\\\/\\\/homepage.braunvieh.ch\\\/fr\\\/adrian-arnold-est-le-nouveau-president-de-braunvieh-schweiz\\\/#primaryimage\"},\"thumbnailUrl\":\"https:\\\/\\\/homepage.braunvieh.ch\\\/wp-content\\\/uploads\\\/2024\\\/04\\\/Reto-Gruenenfelder-Adrian-Arnold_0K1A5224.jpg\",\"articleSection\":[\"Non classifi\u00e9(e)\"],\"inLanguage\":\"fr-FR\",\"potentialAction\":[{\"@type\":\"CommentAction\",\"name\":\"Comment\",\"target\":[\"https:\\\/\\\/homepage.braunvieh.ch\\\/fr\\\/adrian-arnold-est-le-nouveau-president-de-braunvieh-schweiz\\\/#respond\"]}]},{\"@type\":\"WebPage\",\"@id\":\"https:\\\/\\\/homepage.braunvieh.ch\\\/fr\\\/adrian-arnold-est-le-nouveau-president-de-braunvieh-schweiz\\\/\",\"url\":\"https:\\\/\\\/homepage.braunvieh.ch\\\/fr\\\/adrian-arnold-est-le-nouveau-president-de-braunvieh-schweiz\\\/\",\"name\":\"Adrian Arnold est le nouveau pr\u00e9sident de Braunvieh Schweiz | Braunvieh\",\"isPartOf\":{\"@id\":\"https:\\\/\\\/homepage.braunvieh.ch\\\/en\\\/#website\"},\"primaryImageOfPage\":{\"@id\":\"https:\\\/\\\/homepage.braunvieh.ch\\\/fr\\\/adrian-arnold-est-le-nouveau-president-de-braunvieh-schweiz\\\/#primaryimage\"},\"image\":{\"@id\":\"https:\\\/\\\/homepage.braunvieh.ch\\\/fr\\\/adrian-arnold-est-le-nouveau-president-de-braunvieh-schweiz\\\/#primaryimage\"},\"thumbnailUrl\":\"https:\\\/\\\/homepage.braunvieh.ch\\\/wp-content\\\/uploads\\\/2024\\\/04\\\/Reto-Gruenenfelder-Adrian-Arnold_0K1A5224.jpg\",\"datePublished\":\"2024-04-04T06:19:21+00:00\",\"author\":{\"@id\":\"https:\\\/\\\/homepage.braunvieh.ch\\\/en\\\/#\\\/schema\\\/person\\\/16950e26af6f7575d2e0def65511e5fb\"},\"breadcrumb\":{\"@id\":\"https:\\\/\\\/homepage.braunvieh.ch\\\/fr\\\/adrian-arnold-est-le-nouveau-president-de-braunvieh-schweiz\\\/#breadcrumb\"},\"inLanguage\":\"fr-FR\",\"potentialAction\":[{\"@type\":\"ReadAction\",\"target\":[\"https:\\\/\\\/homepage.braunvieh.ch\\\/fr\\\/adrian-arnold-est-le-nouveau-president-de-braunvieh-schweiz\\\/\"]}]},{\"@type\":\"ImageObject\",\"inLanguage\":\"fr-FR\",\"@id\":\"https:\\\/\\\/homepage.braunvieh.ch\\\/fr\\\/adrian-arnold-est-le-nouveau-president-de-braunvieh-schweiz\\\/#primaryimage\",\"url\":\"https:\\\/\\\/homepage.braunvieh.ch\\\/wp-content\\\/uploads\\\/2024\\\/04\\\/Reto-Gruenenfelder-Adrian-Arnold_0K1A5224.jpg\",\"contentUrl\":\"https:\\\/\\\/homepage.braunvieh.ch\\\/wp-content\\\/uploads\\\/2024\\\/04\\\/Reto-Gruenenfelder-Adrian-Arnold_0K1A5224.jpg\",\"width\":1920,\"height\":1518},{\"@type\":\"BreadcrumbList\",\"@id\":\"https:\\\/\\\/homepage.braunvieh.ch\\\/fr\\\/adrian-arnold-est-le-nouveau-president-de-braunvieh-schweiz\\\/#breadcrumb\",\"itemListElement\":[{\"@type\":\"ListItem\",\"position\":1,\"name\":\"Home\",\"item\":\"https:\\\/\\\/homepage.braunvieh.ch\\\/fr\\\/\"},{\"@type\":\"ListItem\",\"position\":2,\"name\":\"Adrian Arnold est le nouveau pr\u00e9sident de Braunvieh Schweiz\"}]},{\"@type\":\"WebSite\",\"@id\":\"https:\\\/\\\/homepage.braunvieh.ch\\\/en\\\/#website\",\"url\":\"https:\\\/\\\/homepage.braunvieh.ch\\\/en\\\/\",\"name\":\"Braunvieh\",\"description\":\"Alles \u00fcber Braunvieh und die Braunviehzucht. Sowie den Braunviehzuchtverband als modernes Dienstleistungsunternehmen.\",\"potentialAction\":[{\"@type\":\"SearchAction\",\"target\":{\"@type\":\"EntryPoint\",\"urlTemplate\":\"https:\\\/\\\/homepage.braunvieh.ch\\\/en\\\/?s={search_term_string}\"},\"query-input\":{\"@type\":\"PropertyValueSpecification\",\"valueRequired\":true,\"valueName\":\"search_term_string\"}}],\"inLanguage\":\"fr-FR\"},{\"@type\":\"Person\",\"@id\":\"https:\\\/\\\/homepage.braunvieh.ch\\\/en\\\/#\\\/schema\\\/person\\\/16950e26af6f7575d2e0def65511e5fb\",\"name\":\"Ir\u00e8ne\",\"image\":{\"@type\":\"ImageObject\",\"inLanguage\":\"fr-FR\",\"@id\":\"https:\\\/\\\/secure.gravatar.com\\\/avatar\\\/e526a3d41ca387e09914d27be7a5b1a1ebcd6f668fd0382ab5b313de9d93996b?s=96&d=mm&r=g\",\"url\":\"https:\\\/\\\/secure.gravatar.com\\\/avatar\\\/e526a3d41ca387e09914d27be7a5b1a1ebcd6f668fd0382ab5b313de9d93996b?s=96&d=mm&r=g\",\"contentUrl\":\"https:\\\/\\\/secure.gravatar.com\\\/avatar\\\/e526a3d41ca387e09914d27be7a5b1a1ebcd6f668fd0382ab5b313de9d93996b?s=96&d=mm&r=g\",\"caption\":\"Ir\u00e8ne\"},\"url\":\"https:\\\/\\\/homepage.braunvieh.ch\\\/fr\\\/author\\\/irene-ettlinbraunvieh-ch\\\/\"}]}<\/script>\n<!-- \/ Yoast SEO plugin. -->","yoast_head_json":{"title":"Adrian Arnold est le nouveau pr\u00e9sident de Braunvieh Schweiz | Braunvieh","robots":{"index":"index","follow":"follow","max-snippet":"max-snippet:-1","max-image-preview":"max-image-preview:large","max-video-preview":"max-video-preview:-1"},"canonical":"https:\/\/homepage.braunvieh.ch\/fr\/adrian-arnold-est-le-nouveau-president-de-braunvieh-schweiz\/","og_locale":"fr_FR","og_type":"article","og_title":"Adrian Arnold est le nouveau pr\u00e9sident de Braunvieh Schweiz | Braunvieh","og_description":"L&rsquo;assembl\u00e9e des d\u00e9l\u00e9gu\u00e9s de Braunvieh Schweiz s&rsquo;est tenue \u00e0 Baar. Le point le plus important de l&rsquo;ordre du jour \u00e9tait l&rsquo;\u00e9lection d&rsquo;Adrian Arnold comme nouveau pr\u00e9sident ainsi que le renouvellement [&hellip;]","og_url":"https:\/\/homepage.braunvieh.ch\/fr\/adrian-arnold-est-le-nouveau-president-de-braunvieh-schweiz\/","og_site_name":"Braunvieh","article_published_time":"2024-04-04T06:19:21+00:00","og_image":[{"width":1920,"height":1518,"url":"https:\/\/homepage.braunvieh.ch\/wp-content\/uploads\/2024\/04\/Reto-Gruenenfelder-Adrian-Arnold_0K1A5224.jpg","type":"image\/jpeg"}],"author":"Ir\u00e8ne","twitter_card":"summary_large_image","twitter_misc":{"\u00c9crit par":"Ir\u00e8ne","Dur\u00e9e de lecture estim\u00e9e":"1 minute"},"schema":{"@context":"https:\/\/schema.org","@graph":[{"@type":"Article","@id":"https:\/\/homepage.braunvieh.ch\/fr\/adrian-arnold-est-le-nouveau-president-de-braunvieh-schweiz\/#article","isPartOf":{"@id":"https:\/\/homepage.braunvieh.ch\/fr\/adrian-arnold-est-le-nouveau-president-de-braunvieh-schweiz\/"},"author":{"name":"Ir\u00e8ne","@id":"https:\/\/homepage.braunvieh.ch\/en\/#\/schema\/person\/16950e26af6f7575d2e0def65511e5fb"},"headline":"Adrian Arnold est le nouveau pr\u00e9sident de Braunvieh Schweiz","datePublished":"2024-04-04T06:19:21+00:00","mainEntityOfPage":{"@id":"https:\/\/homepage.braunvieh.ch\/fr\/adrian-arnold-est-le-nouveau-president-de-braunvieh-schweiz\/"},"wordCount":77,"commentCount":0,"image":{"@id":"https:\/\/homepage.braunvieh.ch\/fr\/adrian-arnold-est-le-nouveau-president-de-braunvieh-schweiz\/#primaryimage"},"thumbnailUrl":"https:\/\/homepage.braunvieh.ch\/wp-content\/uploads\/2024\/04\/Reto-Gruenenfelder-Adrian-Arnold_0K1A5224.jpg","articleSection":["Non classifi\u00e9(e)"],"inLanguage":"fr-FR","potentialAction":[{"@type":"CommentAction","name":"Comment","target":["https:\/\/homepage.braunvieh.ch\/fr\/adrian-arnold-est-le-nouveau-president-de-braunvieh-schweiz\/#respond"]}]},{"@type":"WebPage","@id":"https:\/\/homepage.braunvieh.ch\/fr\/adrian-arnold-est-le-nouveau-president-de-braunvieh-schweiz\/","url":"https:\/\/homepage.braunvieh.ch\/fr\/adrian-arnold-est-le-nouveau-president-de-braunvieh-schweiz\/","name":"Adrian Arnold est le nouveau pr\u00e9sident de Braunvieh Schweiz | Braunvieh","isPartOf":{"@id":"https:\/\/homepage.braunvieh.ch\/en\/#website"},"primaryImageOfPage":{"@id":"https:\/\/homepage.braunvieh.ch\/fr\/adrian-arnold-est-le-nouveau-president-de-braunvieh-schweiz\/#primaryimage"},"image":{"@id":"https:\/\/homepage.braunvieh.ch\/fr\/adrian-arnold-est-le-nouveau-president-de-braunvieh-schweiz\/#primaryimage"},"thumbnailUrl":"https:\/\/homepage.braunvieh.ch\/wp-content\/uploads\/2024\/04\/Reto-Gruenenfelder-Adrian-Arnold_0K1A5224.jpg","datePublished":"2024-04-04T06:19:21+00:00","author":{"@id":"https:\/\/homepage.braunvieh.ch\/en\/#\/schema\/person\/16950e26af6f7575d2e0def65511e5fb"},"breadcrumb":{"@id":"https:\/\/homepage.braunvieh.ch\/fr\/adrian-arnold-est-le-nouveau-president-de-braunvieh-schweiz\/#breadcrumb"},"inLanguage":"fr-FR","potentialAction":[{"@type":"ReadAction","target":["https:\/\/homepage.braunvieh.ch\/fr\/adrian-arnold-est-le-nouveau-president-de-braunvieh-schweiz\/"]}]},{"@type":"ImageObject","inLanguage":"fr-FR","@id":"https:\/\/homepage.braunvieh.ch\/fr\/adrian-arnold-est-le-nouveau-president-de-braunvieh-schweiz\/#primaryimage","url":"https:\/\/homepage.braunvieh.ch\/wp-content\/uploads\/2024\/04\/Reto-Gruenenfelder-Adrian-Arnold_0K1A5224.jpg","contentUrl":"https:\/\/homepage.braunvieh.ch\/wp-content\/uploads\/2024\/04\/Reto-Gruenenfelder-Adrian-Arnold_0K1A5224.jpg","width":1920,"height":1518},{"@type":"BreadcrumbList","@id":"https:\/\/homepage.braunvieh.ch\/fr\/adrian-arnold-est-le-nouveau-president-de-braunvieh-schweiz\/#breadcrumb","itemListElement":[{"@type":"ListItem","position":1,"name":"Home","item":"https:\/\/homepage.braunvieh.ch\/fr\/"},{"@type":"ListItem","position":2,"name":"Adrian Arnold est le nouveau pr\u00e9sident de Braunvieh Schweiz"}]},{"@type":"WebSite","@id":"https:\/\/homepage.braunvieh.ch\/en\/#website","url":"https:\/\/homepage.braunvieh.ch\/en\/","name":"Braunvieh","description":"Alles \u00fcber Braunvieh und die Braunviehzucht. Sowie den Braunviehzuchtverband als modernes Dienstleistungsunternehmen.","potentialAction":[{"@type":"SearchAction","target":{"@type":"EntryPoint","urlTemplate":"https:\/\/homepage.braunvieh.ch\/en\/?s={search_term_string}"},"query-input":{"@type":"PropertyValueSpecification","valueRequired":true,"valueName":"search_term_string"}}],"inLanguage":"fr-FR"},{"@type":"Person","@id":"https:\/\/homepage.braunvieh.ch\/en\/#\/schema\/person\/16950e26af6f7575d2e0def65511e5fb","name":"Ir\u00e8ne","image":{"@type":"ImageObject","inLanguage":"fr-FR","@id":"https:\/\/secure.gravatar.com\/avatar\/e526a3d41ca387e09914d27be7a5b1a1ebcd6f668fd0382ab5b313de9d93996b?s=96&d=mm&r=g","url":"https:\/\/secure.gravatar.com\/avatar\/e526a3d41ca387e09914d27be7a5b1a1ebcd6f668fd0382ab5b313de9d93996b?s=96&d=mm&r=g","contentUrl":"https:\/\/secure.gravatar.com\/avatar\/e526a3d41ca387e09914d27be7a5b1a1ebcd6f668fd0382ab5b313de9d93996b?s=96&d=mm&r=g","caption":"Ir\u00e8ne"},"url":"https:\/\/homepage.braunvieh.ch\/fr\/author\/irene-ettlinbraunvieh-ch\/"}]}},"publishpress_future_action":{"enabled":false,"date":"2026-05-07 06:28:05","action":"change-status","newStatus":"draft","terms":[],"taxonomy":"category","extraData":[]},"publishpress_future_workflow_manual_trigger":{"enabledWorkflows":[]},"_links":{"self":[{"href":"https:\/\/homepage.braunvieh.ch\/fr\/wp-json\/wp\/v2\/posts\/20568","targetHints":{"allow":["GET"]}}],"collection":[{"href":"https:\/\/homepage.braunvieh.ch\/fr\/wp-json\/wp\/v2\/posts"}],"about":[{"href":"https:\/\/homepage.braunvieh.ch\/fr\/wp-json\/wp\/v2\/types\/post"}],"author":[{"embeddable":true,"href":"https:\/\/homepage.braunvieh.ch\/fr\/wp-json\/wp\/v2\/users\/2"}],"replies":[{"embeddable":true,"href":"https:\/\/homepage.braunvieh.ch\/fr\/wp-json\/wp\/v2\/comments?post=20568"}],"version-history":[{"count":1,"href":"https:\/\/homepage.braunvieh.ch\/fr\/wp-json\/wp\/v2\/posts\/20568\/revisions"}],"predecessor-version":[{"id":20569,"href":"https:\/\/homepage.braunvieh.ch\/fr\/wp-json\/wp\/v2\/posts\/20568\/revisions\/20569"}],"wp:featuredmedia":[{"embeddable":true,"href":"https:\/\/homepage.braunvieh.ch\/fr\/wp-json\/wp\/v2\/media\/20558"}],"wp:attachment":[{"href":"https:\/\/homepage.braunvieh.ch\/fr\/wp-json\/wp\/v2\/media?parent=20568"}],"wp:term":[{"taxonomy":"category","embeddable":true,"href":"https:\/\/homepage.braunvieh.ch\/fr\/wp-json\/wp\/v2\/categories?post=20568"},{"taxonomy":"post_tag","embeddable":true,"href":"https:\/\/homepage.braunvieh.ch\/fr\/wp-json\/wp\/v2\/tags?post=20568"}],"curies":[{"name":"wp","href":"https:\/\/api.w.org\/{rel}","templated":true}]}}