{"id":20295,"date":"2024-03-20T17:17:12","date_gmt":"2024-03-20T15:17:12","guid":{"rendered":"https:\/\/homepage.braunvieh.ch\/?p=20295"},"modified":"2024-03-20T17:17:12","modified_gmt":"2024-03-20T15:17:12","slug":"vision-braunvieh-schweiz","status":"publish","type":"post","link":"https:\/\/homepage.braunvieh.ch\/fr\/vision-braunvieh-schweiz\/","title":{"rendered":"Vision Braunvieh Schweiz"},"content":{"rendered":"<p>Le comit\u00e9 de Braunvieh Schweiz a adopt\u00e9 sa nouvelle visio: \u00ab\u00a0L&rsquo;avenir a une origine\u00a0\u00bb<\/p>\n<p>Pour en savoir plus, cliquez <a href=\"https:\/\/homepage.braunvieh.ch\/fr\/verband\/\" target=\"_blank\" rel=\"noopener\"><strong>ICI<\/strong><\/a>.<\/p>\n<p>(Photo: Pixabay)<\/p>\n","protected":false},"excerpt":{"rendered":"<p>Le comit\u00e9 de Braunvieh Schweiz a adopt\u00e9 sa nouvelle visio: \u00ab\u00a0L&rsquo;avenir a une origine\u00a0\u00bb Pour en savoir plus, cliquez ICI. (Photo: Pixabay)<\/p>\n","protected":false},"author":2,"featured_media":20284,"comment_status":"open","ping_status":"open","sticky":false,"template":"","format":"standard","meta":{"_acf_changed":false,"footnotes":""},"categories":[19],"tags":[],"class_list":["post-20295","post","type-post","status-publish","format-standard","has-post-thumbnail","hentry","category-non-classifiee"],"acf":[],"yoast_head":"<!-- This site is optimized with the Yoast SEO plugin v27.4 - https:\/\/yoast.com\/product\/yoast-seo-wordpress\/ -->\n<title>Vision Braunvieh Schweiz | Braunvieh<\/title>\n<meta name=\"robots\" content=\"index, follow, max-snippet:-1, max-image-preview:large, max-video-preview:-1\" \/>\n<link rel=\"canonical\" href=\"https:\/\/homepage.braunvieh.ch\/fr\/vision-braunvieh-schweiz\/\" \/>\n<meta property=\"og:locale\" content=\"fr_FR\" \/>\n<meta property=\"og:type\" content=\"article\" \/>\n<meta property=\"og:title\" content=\"Vision Braunvieh Schweiz | Braunvieh\" \/>\n<meta property=\"og:description\" content=\"Le comit\u00e9 de Braunvieh Schweiz a adopt\u00e9 sa nouvelle visio: \u00ab\u00a0L&rsquo;avenir a une origine\u00a0\u00bb Pour en savoir plus, cliquez ICI. (Photo: Pixabay)\" \/>\n<meta property=\"og:url\" content=\"https:\/\/homepage.braunvieh.ch\/fr\/vision-braunvieh-schweiz\/\" \/>\n<meta property=\"og:site_name\" content=\"Braunvieh\" \/>\n<meta property=\"article:published_time\" content=\"2024-03-20T15:17:12+00:00\" \/>\n<meta property=\"og:image\" content=\"https:\/\/homepage.braunvieh.ch\/wp-content\/uploads\/2024\/03\/Wegweiser_Bild-Pixabay.jpg\" \/>\n\t<meta property=\"og:image:width\" content=\"1920\" \/>\n\t<meta property=\"og:image:height\" content=\"1440\" \/>\n\t<meta property=\"og:image:type\" content=\"image\/jpeg\" \/>\n<meta name=\"author\" content=\"Ir\u00e8ne\" \/>\n<meta name=\"twitter:card\" content=\"summary_large_image\" \/>\n<meta name=\"twitter:label1\" content=\"\u00c9crit par\" \/>\n\t<meta name=\"twitter:data1\" content=\"Ir\u00e8ne\" \/>\n\t<meta name=\"twitter:label2\" content=\"Dur\u00e9e de lecture estim\u00e9e\" \/>\n\t<meta name=\"twitter:data2\" content=\"1 minute\" \/>\n<script type=\"application\/ld+json\" class=\"yoast-schema-graph\">{\"@context\":\"https:\\\/\\\/schema.org\",\"@graph\":[{\"@type\":\"Article\",\"@id\":\"https:\\\/\\\/homepage.braunvieh.ch\\\/fr\\\/vision-braunvieh-schweiz\\\/#article\",\"isPartOf\":{\"@id\":\"https:\\\/\\\/homepage.braunvieh.ch\\\/fr\\\/vision-braunvieh-schweiz\\\/\"},\"author\":{\"name\":\"Ir\u00e8ne\",\"@id\":\"https:\\\/\\\/homepage.braunvieh.ch\\\/en\\\/#\\\/schema\\\/person\\\/16950e26af6f7575d2e0def65511e5fb\"},\"headline\":\"Vision Braunvieh Schweiz\",\"datePublished\":\"2024-03-20T15:17:12+00:00\",\"mainEntityOfPage\":{\"@id\":\"https:\\\/\\\/homepage.braunvieh.ch\\\/fr\\\/vision-braunvieh-schweiz\\\/\"},\"wordCount\":26,\"commentCount\":0,\"image\":{\"@id\":\"https:\\\/\\\/homepage.braunvieh.ch\\\/fr\\\/vision-braunvieh-schweiz\\\/#primaryimage\"},\"thumbnailUrl\":\"https:\\\/\\\/homepage.braunvieh.ch\\\/wp-content\\\/uploads\\\/2024\\\/03\\\/Wegweiser_Bild-Pixabay.jpg\",\"articleSection\":[\"Non classifi\u00e9(e)\"],\"inLanguage\":\"fr-FR\",\"potentialAction\":[{\"@type\":\"CommentAction\",\"name\":\"Comment\",\"target\":[\"https:\\\/\\\/homepage.braunvieh.ch\\\/fr\\\/vision-braunvieh-schweiz\\\/#respond\"]}]},{\"@type\":\"WebPage\",\"@id\":\"https:\\\/\\\/homepage.braunvieh.ch\\\/fr\\\/vision-braunvieh-schweiz\\\/\",\"url\":\"https:\\\/\\\/homepage.braunvieh.ch\\\/fr\\\/vision-braunvieh-schweiz\\\/\",\"name\":\"Vision Braunvieh Schweiz | Braunvieh\",\"isPartOf\":{\"@id\":\"https:\\\/\\\/homepage.braunvieh.ch\\\/en\\\/#website\"},\"primaryImageOfPage\":{\"@id\":\"https:\\\/\\\/homepage.braunvieh.ch\\\/fr\\\/vision-braunvieh-schweiz\\\/#primaryimage\"},\"image\":{\"@id\":\"https:\\\/\\\/homepage.braunvieh.ch\\\/fr\\\/vision-braunvieh-schweiz\\\/#primaryimage\"},\"thumbnailUrl\":\"https:\\\/\\\/homepage.braunvieh.ch\\\/wp-content\\\/uploads\\\/2024\\\/03\\\/Wegweiser_Bild-Pixabay.jpg\",\"datePublished\":\"2024-03-20T15:17:12+00:00\",\"author\":{\"@id\":\"https:\\\/\\\/homepage.braunvieh.ch\\\/en\\\/#\\\/schema\\\/person\\\/16950e26af6f7575d2e0def65511e5fb\"},\"breadcrumb\":{\"@id\":\"https:\\\/\\\/homepage.braunvieh.ch\\\/fr\\\/vision-braunvieh-schweiz\\\/#breadcrumb\"},\"inLanguage\":\"fr-FR\",\"potentialAction\":[{\"@type\":\"ReadAction\",\"target\":[\"https:\\\/\\\/homepage.braunvieh.ch\\\/fr\\\/vision-braunvieh-schweiz\\\/\"]}]},{\"@type\":\"ImageObject\",\"inLanguage\":\"fr-FR\",\"@id\":\"https:\\\/\\\/homepage.braunvieh.ch\\\/fr\\\/vision-braunvieh-schweiz\\\/#primaryimage\",\"url\":\"https:\\\/\\\/homepage.braunvieh.ch\\\/wp-content\\\/uploads\\\/2024\\\/03\\\/Wegweiser_Bild-Pixabay.jpg\",\"contentUrl\":\"https:\\\/\\\/homepage.braunvieh.ch\\\/wp-content\\\/uploads\\\/2024\\\/03\\\/Wegweiser_Bild-Pixabay.jpg\",\"width\":1920,\"height\":1440},{\"@type\":\"BreadcrumbList\",\"@id\":\"https:\\\/\\\/homepage.braunvieh.ch\\\/fr\\\/vision-braunvieh-schweiz\\\/#breadcrumb\",\"itemListElement\":[{\"@type\":\"ListItem\",\"position\":1,\"name\":\"Home\",\"item\":\"https:\\\/\\\/homepage.braunvieh.ch\\\/fr\\\/\"},{\"@type\":\"ListItem\",\"position\":2,\"name\":\"Vision Braunvieh Schweiz\"}]},{\"@type\":\"WebSite\",\"@id\":\"https:\\\/\\\/homepage.braunvieh.ch\\\/en\\\/#website\",\"url\":\"https:\\\/\\\/homepage.braunvieh.ch\\\/en\\\/\",\"name\":\"Braunvieh\",\"description\":\"Alles \u00fcber Braunvieh und die Braunviehzucht. Sowie den Braunviehzuchtverband als modernes Dienstleistungsunternehmen.\",\"potentialAction\":[{\"@type\":\"SearchAction\",\"target\":{\"@type\":\"EntryPoint\",\"urlTemplate\":\"https:\\\/\\\/homepage.braunvieh.ch\\\/en\\\/?s={search_term_string}\"},\"query-input\":{\"@type\":\"PropertyValueSpecification\",\"valueRequired\":true,\"valueName\":\"search_term_string\"}}],\"inLanguage\":\"fr-FR\"},{\"@type\":\"Person\",\"@id\":\"https:\\\/\\\/homepage.braunvieh.ch\\\/en\\\/#\\\/schema\\\/person\\\/16950e26af6f7575d2e0def65511e5fb\",\"name\":\"Ir\u00e8ne\",\"image\":{\"@type\":\"ImageObject\",\"inLanguage\":\"fr-FR\",\"@id\":\"https:\\\/\\\/secure.gravatar.com\\\/avatar\\\/e526a3d41ca387e09914d27be7a5b1a1ebcd6f668fd0382ab5b313de9d93996b?s=96&d=mm&r=g\",\"url\":\"https:\\\/\\\/secure.gravatar.com\\\/avatar\\\/e526a3d41ca387e09914d27be7a5b1a1ebcd6f668fd0382ab5b313de9d93996b?s=96&d=mm&r=g\",\"contentUrl\":\"https:\\\/\\\/secure.gravatar.com\\\/avatar\\\/e526a3d41ca387e09914d27be7a5b1a1ebcd6f668fd0382ab5b313de9d93996b?s=96&d=mm&r=g\",\"caption\":\"Ir\u00e8ne\"},\"url\":\"https:\\\/\\\/homepage.braunvieh.ch\\\/fr\\\/author\\\/irene-ettlinbraunvieh-ch\\\/\"}]}<\/script>\n<!-- \/ Yoast SEO plugin. -->","yoast_head_json":{"title":"Vision Braunvieh Schweiz | Braunvieh","robots":{"index":"index","follow":"follow","max-snippet":"max-snippet:-1","max-image-preview":"max-image-preview:large","max-video-preview":"max-video-preview:-1"},"canonical":"https:\/\/homepage.braunvieh.ch\/fr\/vision-braunvieh-schweiz\/","og_locale":"fr_FR","og_type":"article","og_title":"Vision Braunvieh Schweiz | Braunvieh","og_description":"Le comit\u00e9 de Braunvieh Schweiz a adopt\u00e9 sa nouvelle visio: \u00ab\u00a0L&rsquo;avenir a une origine\u00a0\u00bb Pour en savoir plus, cliquez ICI. (Photo: Pixabay)","og_url":"https:\/\/homepage.braunvieh.ch\/fr\/vision-braunvieh-schweiz\/","og_site_name":"Braunvieh","article_published_time":"2024-03-20T15:17:12+00:00","og_image":[{"width":1920,"height":1440,"url":"https:\/\/homepage.braunvieh.ch\/wp-content\/uploads\/2024\/03\/Wegweiser_Bild-Pixabay.jpg","type":"image\/jpeg"}],"author":"Ir\u00e8ne","twitter_card":"summary_large_image","twitter_misc":{"\u00c9crit par":"Ir\u00e8ne","Dur\u00e9e de lecture estim\u00e9e":"1 minute"},"schema":{"@context":"https:\/\/schema.org","@graph":[{"@type":"Article","@id":"https:\/\/homepage.braunvieh.ch\/fr\/vision-braunvieh-schweiz\/#article","isPartOf":{"@id":"https:\/\/homepage.braunvieh.ch\/fr\/vision-braunvieh-schweiz\/"},"author":{"name":"Ir\u00e8ne","@id":"https:\/\/homepage.braunvieh.ch\/en\/#\/schema\/person\/16950e26af6f7575d2e0def65511e5fb"},"headline":"Vision Braunvieh Schweiz","datePublished":"2024-03-20T15:17:12+00:00","mainEntityOfPage":{"@id":"https:\/\/homepage.braunvieh.ch\/fr\/vision-braunvieh-schweiz\/"},"wordCount":26,"commentCount":0,"image":{"@id":"https:\/\/homepage.braunvieh.ch\/fr\/vision-braunvieh-schweiz\/#primaryimage"},"thumbnailUrl":"https:\/\/homepage.braunvieh.ch\/wp-content\/uploads\/2024\/03\/Wegweiser_Bild-Pixabay.jpg","articleSection":["Non classifi\u00e9(e)"],"inLanguage":"fr-FR","potentialAction":[{"@type":"CommentAction","name":"Comment","target":["https:\/\/homepage.braunvieh.ch\/fr\/vision-braunvieh-schweiz\/#respond"]}]},{"@type":"WebPage","@id":"https:\/\/homepage.braunvieh.ch\/fr\/vision-braunvieh-schweiz\/","url":"https:\/\/homepage.braunvieh.ch\/fr\/vision-braunvieh-schweiz\/","name":"Vision Braunvieh Schweiz | Braunvieh","isPartOf":{"@id":"https:\/\/homepage.braunvieh.ch\/en\/#website"},"primaryImageOfPage":{"@id":"https:\/\/homepage.braunvieh.ch\/fr\/vision-braunvieh-schweiz\/#primaryimage"},"image":{"@id":"https:\/\/homepage.braunvieh.ch\/fr\/vision-braunvieh-schweiz\/#primaryimage"},"thumbnailUrl":"https:\/\/homepage.braunvieh.ch\/wp-content\/uploads\/2024\/03\/Wegweiser_Bild-Pixabay.jpg","datePublished":"2024-03-20T15:17:12+00:00","author":{"@id":"https:\/\/homepage.braunvieh.ch\/en\/#\/schema\/person\/16950e26af6f7575d2e0def65511e5fb"},"breadcrumb":{"@id":"https:\/\/homepage.braunvieh.ch\/fr\/vision-braunvieh-schweiz\/#breadcrumb"},"inLanguage":"fr-FR","potentialAction":[{"@type":"ReadAction","target":["https:\/\/homepage.braunvieh.ch\/fr\/vision-braunvieh-schweiz\/"]}]},{"@type":"ImageObject","inLanguage":"fr-FR","@id":"https:\/\/homepage.braunvieh.ch\/fr\/vision-braunvieh-schweiz\/#primaryimage","url":"https:\/\/homepage.braunvieh.ch\/wp-content\/uploads\/2024\/03\/Wegweiser_Bild-Pixabay.jpg","contentUrl":"https:\/\/homepage.braunvieh.ch\/wp-content\/uploads\/2024\/03\/Wegweiser_Bild-Pixabay.jpg","width":1920,"height":1440},{"@type":"BreadcrumbList","@id":"https:\/\/homepage.braunvieh.ch\/fr\/vision-braunvieh-schweiz\/#breadcrumb","itemListElement":[{"@type":"ListItem","position":1,"name":"Home","item":"https:\/\/homepage.braunvieh.ch\/fr\/"},{"@type":"ListItem","position":2,"name":"Vision Braunvieh Schweiz"}]},{"@type":"WebSite","@id":"https:\/\/homepage.braunvieh.ch\/en\/#website","url":"https:\/\/homepage.braunvieh.ch\/en\/","name":"Braunvieh","description":"Alles \u00fcber Braunvieh und die Braunviehzucht. Sowie den Braunviehzuchtverband als modernes Dienstleistungsunternehmen.","potentialAction":[{"@type":"SearchAction","target":{"@type":"EntryPoint","urlTemplate":"https:\/\/homepage.braunvieh.ch\/en\/?s={search_term_string}"},"query-input":{"@type":"PropertyValueSpecification","valueRequired":true,"valueName":"search_term_string"}}],"inLanguage":"fr-FR"},{"@type":"Person","@id":"https:\/\/homepage.braunvieh.ch\/en\/#\/schema\/person\/16950e26af6f7575d2e0def65511e5fb","name":"Ir\u00e8ne","image":{"@type":"ImageObject","inLanguage":"fr-FR","@id":"https:\/\/secure.gravatar.com\/avatar\/e526a3d41ca387e09914d27be7a5b1a1ebcd6f668fd0382ab5b313de9d93996b?s=96&d=mm&r=g","url":"https:\/\/secure.gravatar.com\/avatar\/e526a3d41ca387e09914d27be7a5b1a1ebcd6f668fd0382ab5b313de9d93996b?s=96&d=mm&r=g","contentUrl":"https:\/\/secure.gravatar.com\/avatar\/e526a3d41ca387e09914d27be7a5b1a1ebcd6f668fd0382ab5b313de9d93996b?s=96&d=mm&r=g","caption":"Ir\u00e8ne"},"url":"https:\/\/homepage.braunvieh.ch\/fr\/author\/irene-ettlinbraunvieh-ch\/"}]}},"publishpress_future_action":{"enabled":false,"date":"2026-05-07 16:29:29","action":"change-status","newStatus":"draft","terms":[],"taxonomy":"category","extraData":[]},"publishpress_future_workflow_manual_trigger":{"enabledWorkflows":[]},"_links":{"self":[{"href":"https:\/\/homepage.braunvieh.ch\/fr\/wp-json\/wp\/v2\/posts\/20295","targetHints":{"allow":["GET"]}}],"collection":[{"href":"https:\/\/homepage.braunvieh.ch\/fr\/wp-json\/wp\/v2\/posts"}],"about":[{"href":"https:\/\/homepage.braunvieh.ch\/fr\/wp-json\/wp\/v2\/types\/post"}],"author":[{"embeddable":true,"href":"https:\/\/homepage.braunvieh.ch\/fr\/wp-json\/wp\/v2\/users\/2"}],"replies":[{"embeddable":true,"href":"https:\/\/homepage.braunvieh.ch\/fr\/wp-json\/wp\/v2\/comments?post=20295"}],"version-history":[{"count":1,"href":"https:\/\/homepage.braunvieh.ch\/fr\/wp-json\/wp\/v2\/posts\/20295\/revisions"}],"predecessor-version":[{"id":20296,"href":"https:\/\/homepage.braunvieh.ch\/fr\/wp-json\/wp\/v2\/posts\/20295\/revisions\/20296"}],"wp:featuredmedia":[{"embeddable":true,"href":"https:\/\/homepage.braunvieh.ch\/fr\/wp-json\/wp\/v2\/media\/20284"}],"wp:attachment":[{"href":"https:\/\/homepage.braunvieh.ch\/fr\/wp-json\/wp\/v2\/media?parent=20295"}],"wp:term":[{"taxonomy":"category","embeddable":true,"href":"https:\/\/homepage.braunvieh.ch\/fr\/wp-json\/wp\/v2\/categories?post=20295"},{"taxonomy":"post_tag","embeddable":true,"href":"https:\/\/homepage.braunvieh.ch\/fr\/wp-json\/wp\/v2\/tags?post=20295"}],"curies":[{"name":"wp","href":"https:\/\/api.w.org\/{rel}","templated":true}]}}