{"id":11543,"date":"2022-04-14T13:02:59","date_gmt":"2022-04-14T11:02:59","guid":{"rendered":"https:\/\/homepage.braunvieh.ch\/?p=11543"},"modified":"2022-04-14T13:22:09","modified_gmt":"2022-04-14T11:22:09","slug":"catalogue-journee-de-vente-suisse-romande","status":"publish","type":"post","link":"https:\/\/homepage.braunvieh.ch\/fr\/catalogue-journee-de-vente-suisse-romande\/","title":{"rendered":"Catalogue Journ\u00e9e de vente Suisse romande"},"content":{"rendered":"<p>Le samedi 23 avril 2022, une journ\u00e9e de vente de la race Brune aura lieu pour la premi\u00e8re fois \u00e0 B\u00f6singen, dans le canton de Fribourg, sur l\u2019exlpoitation du Ludivic Criscione. Une vingtaine de vaches et 6 \u00e0 7 veaux seront propos\u00e9s \u00e0 la vente \u00e0 partir de 10h00.<\/p>\n<p>Les vaches propos\u00e9es \u00e0 la vente sont des vaches fra\u00eechement v\u00eal\u00e9es de la premi\u00e8re \u00e0 la troisi\u00e8me lactation. Ainsi que des veaux et des g\u00e9nisses de premi\u00e8re qualit\u00e9.<\/p>\n<p><a href=\"https:\/\/homepage.braunvieh.ch\/fr\/events\/#journ\u00e9e-de-vente-de-brunes-\u00e0-boesingen\" target=\"_blank\" rel=\"noopener\">Ici vous trouverez le catalogue de vente des animaux.<\/a><\/p>\n","protected":false},"excerpt":{"rendered":"<p>Le samedi 23 avril 2022, une journ\u00e9e de vente de la race Brune aura lieu pour la premi\u00e8re fois \u00e0 B\u00f6singen, dans le canton de Fribourg, sur l\u2019exlpoitation du Ludivic [&hellip;]<\/p>\n","protected":false},"author":2,"featured_media":11549,"comment_status":"open","ping_status":"open","sticky":false,"template":"","format":"standard","meta":{"_acf_changed":false,"footnotes":""},"categories":[19],"tags":[],"class_list":["post-11543","post","type-post","status-publish","format-standard","has-post-thumbnail","hentry","category-non-classifiee"],"acf":[],"yoast_head":"<!-- This site is optimized with the Yoast SEO plugin v27.4 - https:\/\/yoast.com\/product\/yoast-seo-wordpress\/ -->\n<title>Catalogue Journ\u00e9e de vente Suisse romande | Braunvieh<\/title>\n<meta name=\"robots\" content=\"index, follow, max-snippet:-1, max-image-preview:large, max-video-preview:-1\" \/>\n<link rel=\"canonical\" href=\"https:\/\/homepage.braunvieh.ch\/fr\/catalogue-journee-de-vente-suisse-romande\/\" \/>\n<meta property=\"og:locale\" content=\"fr_FR\" \/>\n<meta property=\"og:type\" content=\"article\" \/>\n<meta property=\"og:title\" content=\"Catalogue Journ\u00e9e de vente Suisse romande | Braunvieh\" \/>\n<meta property=\"og:description\" content=\"Le samedi 23 avril 2022, une journ\u00e9e de vente de la race Brune aura lieu pour la premi\u00e8re fois \u00e0 B\u00f6singen, dans le canton de Fribourg, sur l\u2019exlpoitation du Ludivic [&hellip;]\" \/>\n<meta property=\"og:url\" content=\"https:\/\/homepage.braunvieh.ch\/fr\/catalogue-journee-de-vente-suisse-romande\/\" \/>\n<meta property=\"og:site_name\" content=\"Braunvieh\" \/>\n<meta property=\"article:published_time\" content=\"2022-04-14T11:02:59+00:00\" \/>\n<meta property=\"article:modified_time\" content=\"2022-04-14T11:22:09+00:00\" \/>\n<meta property=\"og:image\" content=\"https:\/\/homepage.braunvieh.ch\/wp-content\/uploads\/2022\/04\/Flyer-Verkaufstag-Boesingen2_online-2-1.jpg\" \/>\n\t<meta property=\"og:image:width\" content=\"1748\" \/>\n\t<meta property=\"og:image:height\" content=\"1240\" \/>\n\t<meta property=\"og:image:type\" content=\"image\/jpeg\" \/>\n<meta name=\"author\" content=\"Ir\u00e8ne\" \/>\n<meta name=\"twitter:card\" content=\"summary_large_image\" \/>\n<meta name=\"twitter:label1\" content=\"\u00c9crit par\" \/>\n\t<meta name=\"twitter:data1\" content=\"Ir\u00e8ne\" \/>\n<script type=\"application\/ld+json\" class=\"yoast-schema-graph\">{\"@context\":\"https:\\\/\\\/schema.org\",\"@graph\":[{\"@type\":\"Article\",\"@id\":\"https:\\\/\\\/homepage.braunvieh.ch\\\/fr\\\/catalogue-journee-de-vente-suisse-romande\\\/#article\",\"isPartOf\":{\"@id\":\"https:\\\/\\\/homepage.braunvieh.ch\\\/fr\\\/catalogue-journee-de-vente-suisse-romande\\\/\"},\"author\":{\"name\":\"Ir\u00e8ne\",\"@id\":\"https:\\\/\\\/homepage.braunvieh.ch\\\/en\\\/#\\\/schema\\\/person\\\/16950e26af6f7575d2e0def65511e5fb\"},\"headline\":\"Catalogue Journ\u00e9e de vente Suisse romande\",\"datePublished\":\"2022-04-14T11:02:59+00:00\",\"dateModified\":\"2022-04-14T11:22:09+00:00\",\"mainEntityOfPage\":{\"@id\":\"https:\\\/\\\/homepage.braunvieh.ch\\\/fr\\\/catalogue-journee-de-vente-suisse-romande\\\/\"},\"wordCount\":96,\"commentCount\":0,\"image\":{\"@id\":\"https:\\\/\\\/homepage.braunvieh.ch\\\/fr\\\/catalogue-journee-de-vente-suisse-romande\\\/#primaryimage\"},\"thumbnailUrl\":\"https:\\\/\\\/homepage.braunvieh.ch\\\/wp-content\\\/uploads\\\/2022\\\/04\\\/Flyer-Verkaufstag-Boesingen2_online-2-1.jpg\",\"articleSection\":[\"Non classifi\u00e9(e)\"],\"inLanguage\":\"fr-FR\",\"potentialAction\":[{\"@type\":\"CommentAction\",\"name\":\"Comment\",\"target\":[\"https:\\\/\\\/homepage.braunvieh.ch\\\/fr\\\/catalogue-journee-de-vente-suisse-romande\\\/#respond\"]}]},{\"@type\":\"WebPage\",\"@id\":\"https:\\\/\\\/homepage.braunvieh.ch\\\/fr\\\/catalogue-journee-de-vente-suisse-romande\\\/\",\"url\":\"https:\\\/\\\/homepage.braunvieh.ch\\\/fr\\\/catalogue-journee-de-vente-suisse-romande\\\/\",\"name\":\"Catalogue Journ\u00e9e de vente Suisse romande | Braunvieh\",\"isPartOf\":{\"@id\":\"https:\\\/\\\/homepage.braunvieh.ch\\\/en\\\/#website\"},\"primaryImageOfPage\":{\"@id\":\"https:\\\/\\\/homepage.braunvieh.ch\\\/fr\\\/catalogue-journee-de-vente-suisse-romande\\\/#primaryimage\"},\"image\":{\"@id\":\"https:\\\/\\\/homepage.braunvieh.ch\\\/fr\\\/catalogue-journee-de-vente-suisse-romande\\\/#primaryimage\"},\"thumbnailUrl\":\"https:\\\/\\\/homepage.braunvieh.ch\\\/wp-content\\\/uploads\\\/2022\\\/04\\\/Flyer-Verkaufstag-Boesingen2_online-2-1.jpg\",\"datePublished\":\"2022-04-14T11:02:59+00:00\",\"dateModified\":\"2022-04-14T11:22:09+00:00\",\"author\":{\"@id\":\"https:\\\/\\\/homepage.braunvieh.ch\\\/en\\\/#\\\/schema\\\/person\\\/16950e26af6f7575d2e0def65511e5fb\"},\"breadcrumb\":{\"@id\":\"https:\\\/\\\/homepage.braunvieh.ch\\\/fr\\\/catalogue-journee-de-vente-suisse-romande\\\/#breadcrumb\"},\"inLanguage\":\"fr-FR\",\"potentialAction\":[{\"@type\":\"ReadAction\",\"target\":[\"https:\\\/\\\/homepage.braunvieh.ch\\\/fr\\\/catalogue-journee-de-vente-suisse-romande\\\/\"]}]},{\"@type\":\"ImageObject\",\"inLanguage\":\"fr-FR\",\"@id\":\"https:\\\/\\\/homepage.braunvieh.ch\\\/fr\\\/catalogue-journee-de-vente-suisse-romande\\\/#primaryimage\",\"url\":\"https:\\\/\\\/homepage.braunvieh.ch\\\/wp-content\\\/uploads\\\/2022\\\/04\\\/Flyer-Verkaufstag-Boesingen2_online-2-1.jpg\",\"contentUrl\":\"https:\\\/\\\/homepage.braunvieh.ch\\\/wp-content\\\/uploads\\\/2022\\\/04\\\/Flyer-Verkaufstag-Boesingen2_online-2-1.jpg\",\"width\":1748,\"height\":1240},{\"@type\":\"BreadcrumbList\",\"@id\":\"https:\\\/\\\/homepage.braunvieh.ch\\\/fr\\\/catalogue-journee-de-vente-suisse-romande\\\/#breadcrumb\",\"itemListElement\":[{\"@type\":\"ListItem\",\"position\":1,\"name\":\"Home\",\"item\":\"https:\\\/\\\/homepage.braunvieh.ch\\\/fr\\\/\"},{\"@type\":\"ListItem\",\"position\":2,\"name\":\"Catalogue Journ\u00e9e de vente Suisse romande\"}]},{\"@type\":\"WebSite\",\"@id\":\"https:\\\/\\\/homepage.braunvieh.ch\\\/en\\\/#website\",\"url\":\"https:\\\/\\\/homepage.braunvieh.ch\\\/en\\\/\",\"name\":\"Braunvieh\",\"description\":\"Alles \u00fcber Braunvieh und die Braunviehzucht. Sowie den Braunviehzuchtverband als modernes Dienstleistungsunternehmen.\",\"potentialAction\":[{\"@type\":\"SearchAction\",\"target\":{\"@type\":\"EntryPoint\",\"urlTemplate\":\"https:\\\/\\\/homepage.braunvieh.ch\\\/en\\\/?s={search_term_string}\"},\"query-input\":{\"@type\":\"PropertyValueSpecification\",\"valueRequired\":true,\"valueName\":\"search_term_string\"}}],\"inLanguage\":\"fr-FR\"},{\"@type\":\"Person\",\"@id\":\"https:\\\/\\\/homepage.braunvieh.ch\\\/en\\\/#\\\/schema\\\/person\\\/16950e26af6f7575d2e0def65511e5fb\",\"name\":\"Ir\u00e8ne\",\"image\":{\"@type\":\"ImageObject\",\"inLanguage\":\"fr-FR\",\"@id\":\"https:\\\/\\\/secure.gravatar.com\\\/avatar\\\/e526a3d41ca387e09914d27be7a5b1a1ebcd6f668fd0382ab5b313de9d93996b?s=96&d=mm&r=g\",\"url\":\"https:\\\/\\\/secure.gravatar.com\\\/avatar\\\/e526a3d41ca387e09914d27be7a5b1a1ebcd6f668fd0382ab5b313de9d93996b?s=96&d=mm&r=g\",\"contentUrl\":\"https:\\\/\\\/secure.gravatar.com\\\/avatar\\\/e526a3d41ca387e09914d27be7a5b1a1ebcd6f668fd0382ab5b313de9d93996b?s=96&d=mm&r=g\",\"caption\":\"Ir\u00e8ne\"},\"url\":\"https:\\\/\\\/homepage.braunvieh.ch\\\/fr\\\/author\\\/irene-ettlinbraunvieh-ch\\\/\"}]}<\/script>\n<!-- \/ Yoast SEO plugin. -->","yoast_head_json":{"title":"Catalogue Journ\u00e9e de vente Suisse romande | Braunvieh","robots":{"index":"index","follow":"follow","max-snippet":"max-snippet:-1","max-image-preview":"max-image-preview:large","max-video-preview":"max-video-preview:-1"},"canonical":"https:\/\/homepage.braunvieh.ch\/fr\/catalogue-journee-de-vente-suisse-romande\/","og_locale":"fr_FR","og_type":"article","og_title":"Catalogue Journ\u00e9e de vente Suisse romande | Braunvieh","og_description":"Le samedi 23 avril 2022, une journ\u00e9e de vente de la race Brune aura lieu pour la premi\u00e8re fois \u00e0 B\u00f6singen, dans le canton de Fribourg, sur l\u2019exlpoitation du Ludivic [&hellip;]","og_url":"https:\/\/homepage.braunvieh.ch\/fr\/catalogue-journee-de-vente-suisse-romande\/","og_site_name":"Braunvieh","article_published_time":"2022-04-14T11:02:59+00:00","article_modified_time":"2022-04-14T11:22:09+00:00","og_image":[{"width":1748,"height":1240,"url":"https:\/\/homepage.braunvieh.ch\/wp-content\/uploads\/2022\/04\/Flyer-Verkaufstag-Boesingen2_online-2-1.jpg","type":"image\/jpeg"}],"author":"Ir\u00e8ne","twitter_card":"summary_large_image","twitter_misc":{"\u00c9crit par":"Ir\u00e8ne"},"schema":{"@context":"https:\/\/schema.org","@graph":[{"@type":"Article","@id":"https:\/\/homepage.braunvieh.ch\/fr\/catalogue-journee-de-vente-suisse-romande\/#article","isPartOf":{"@id":"https:\/\/homepage.braunvieh.ch\/fr\/catalogue-journee-de-vente-suisse-romande\/"},"author":{"name":"Ir\u00e8ne","@id":"https:\/\/homepage.braunvieh.ch\/en\/#\/schema\/person\/16950e26af6f7575d2e0def65511e5fb"},"headline":"Catalogue Journ\u00e9e de vente Suisse romande","datePublished":"2022-04-14T11:02:59+00:00","dateModified":"2022-04-14T11:22:09+00:00","mainEntityOfPage":{"@id":"https:\/\/homepage.braunvieh.ch\/fr\/catalogue-journee-de-vente-suisse-romande\/"},"wordCount":96,"commentCount":0,"image":{"@id":"https:\/\/homepage.braunvieh.ch\/fr\/catalogue-journee-de-vente-suisse-romande\/#primaryimage"},"thumbnailUrl":"https:\/\/homepage.braunvieh.ch\/wp-content\/uploads\/2022\/04\/Flyer-Verkaufstag-Boesingen2_online-2-1.jpg","articleSection":["Non classifi\u00e9(e)"],"inLanguage":"fr-FR","potentialAction":[{"@type":"CommentAction","name":"Comment","target":["https:\/\/homepage.braunvieh.ch\/fr\/catalogue-journee-de-vente-suisse-romande\/#respond"]}]},{"@type":"WebPage","@id":"https:\/\/homepage.braunvieh.ch\/fr\/catalogue-journee-de-vente-suisse-romande\/","url":"https:\/\/homepage.braunvieh.ch\/fr\/catalogue-journee-de-vente-suisse-romande\/","name":"Catalogue Journ\u00e9e de vente Suisse romande | Braunvieh","isPartOf":{"@id":"https:\/\/homepage.braunvieh.ch\/en\/#website"},"primaryImageOfPage":{"@id":"https:\/\/homepage.braunvieh.ch\/fr\/catalogue-journee-de-vente-suisse-romande\/#primaryimage"},"image":{"@id":"https:\/\/homepage.braunvieh.ch\/fr\/catalogue-journee-de-vente-suisse-romande\/#primaryimage"},"thumbnailUrl":"https:\/\/homepage.braunvieh.ch\/wp-content\/uploads\/2022\/04\/Flyer-Verkaufstag-Boesingen2_online-2-1.jpg","datePublished":"2022-04-14T11:02:59+00:00","dateModified":"2022-04-14T11:22:09+00:00","author":{"@id":"https:\/\/homepage.braunvieh.ch\/en\/#\/schema\/person\/16950e26af6f7575d2e0def65511e5fb"},"breadcrumb":{"@id":"https:\/\/homepage.braunvieh.ch\/fr\/catalogue-journee-de-vente-suisse-romande\/#breadcrumb"},"inLanguage":"fr-FR","potentialAction":[{"@type":"ReadAction","target":["https:\/\/homepage.braunvieh.ch\/fr\/catalogue-journee-de-vente-suisse-romande\/"]}]},{"@type":"ImageObject","inLanguage":"fr-FR","@id":"https:\/\/homepage.braunvieh.ch\/fr\/catalogue-journee-de-vente-suisse-romande\/#primaryimage","url":"https:\/\/homepage.braunvieh.ch\/wp-content\/uploads\/2022\/04\/Flyer-Verkaufstag-Boesingen2_online-2-1.jpg","contentUrl":"https:\/\/homepage.braunvieh.ch\/wp-content\/uploads\/2022\/04\/Flyer-Verkaufstag-Boesingen2_online-2-1.jpg","width":1748,"height":1240},{"@type":"BreadcrumbList","@id":"https:\/\/homepage.braunvieh.ch\/fr\/catalogue-journee-de-vente-suisse-romande\/#breadcrumb","itemListElement":[{"@type":"ListItem","position":1,"name":"Home","item":"https:\/\/homepage.braunvieh.ch\/fr\/"},{"@type":"ListItem","position":2,"name":"Catalogue Journ\u00e9e de vente Suisse romande"}]},{"@type":"WebSite","@id":"https:\/\/homepage.braunvieh.ch\/en\/#website","url":"https:\/\/homepage.braunvieh.ch\/en\/","name":"Braunvieh","description":"Alles \u00fcber Braunvieh und die Braunviehzucht. Sowie den Braunviehzuchtverband als modernes Dienstleistungsunternehmen.","potentialAction":[{"@type":"SearchAction","target":{"@type":"EntryPoint","urlTemplate":"https:\/\/homepage.braunvieh.ch\/en\/?s={search_term_string}"},"query-input":{"@type":"PropertyValueSpecification","valueRequired":true,"valueName":"search_term_string"}}],"inLanguage":"fr-FR"},{"@type":"Person","@id":"https:\/\/homepage.braunvieh.ch\/en\/#\/schema\/person\/16950e26af6f7575d2e0def65511e5fb","name":"Ir\u00e8ne","image":{"@type":"ImageObject","inLanguage":"fr-FR","@id":"https:\/\/secure.gravatar.com\/avatar\/e526a3d41ca387e09914d27be7a5b1a1ebcd6f668fd0382ab5b313de9d93996b?s=96&d=mm&r=g","url":"https:\/\/secure.gravatar.com\/avatar\/e526a3d41ca387e09914d27be7a5b1a1ebcd6f668fd0382ab5b313de9d93996b?s=96&d=mm&r=g","contentUrl":"https:\/\/secure.gravatar.com\/avatar\/e526a3d41ca387e09914d27be7a5b1a1ebcd6f668fd0382ab5b313de9d93996b?s=96&d=mm&r=g","caption":"Ir\u00e8ne"},"url":"https:\/\/homepage.braunvieh.ch\/fr\/author\/irene-ettlinbraunvieh-ch\/"}]}},"publishpress_future_action":{"enabled":false,"date":"2026-05-07 16:38:30","action":"change-status","newStatus":"draft","terms":[],"taxonomy":"category","extraData":[]},"publishpress_future_workflow_manual_trigger":{"enabledWorkflows":[]},"_links":{"self":[{"href":"https:\/\/homepage.braunvieh.ch\/fr\/wp-json\/wp\/v2\/posts\/11543","targetHints":{"allow":["GET"]}}],"collection":[{"href":"https:\/\/homepage.braunvieh.ch\/fr\/wp-json\/wp\/v2\/posts"}],"about":[{"href":"https:\/\/homepage.braunvieh.ch\/fr\/wp-json\/wp\/v2\/types\/post"}],"author":[{"embeddable":true,"href":"https:\/\/homepage.braunvieh.ch\/fr\/wp-json\/wp\/v2\/users\/2"}],"replies":[{"embeddable":true,"href":"https:\/\/homepage.braunvieh.ch\/fr\/wp-json\/wp\/v2\/comments?post=11543"}],"version-history":[{"count":2,"href":"https:\/\/homepage.braunvieh.ch\/fr\/wp-json\/wp\/v2\/posts\/11543\/revisions"}],"predecessor-version":[{"id":11555,"href":"https:\/\/homepage.braunvieh.ch\/fr\/wp-json\/wp\/v2\/posts\/11543\/revisions\/11555"}],"wp:featuredmedia":[{"embeddable":true,"href":"https:\/\/homepage.braunvieh.ch\/fr\/wp-json\/wp\/v2\/media\/11549"}],"wp:attachment":[{"href":"https:\/\/homepage.braunvieh.ch\/fr\/wp-json\/wp\/v2\/media?parent=11543"}],"wp:term":[{"taxonomy":"category","embeddable":true,"href":"https:\/\/homepage.braunvieh.ch\/fr\/wp-json\/wp\/v2\/categories?post=11543"},{"taxonomy":"post_tag","embeddable":true,"href":"https:\/\/homepage.braunvieh.ch\/fr\/wp-json\/wp\/v2\/tags?post=11543"}],"curies":[{"name":"wp","href":"https:\/\/api.w.org\/{rel}","templated":true}]}}